{"id":10346,"date":"2022-08-26T10:51:13","date_gmt":"2022-08-26T10:51:13","guid":{"rendered":"https:\/\/org.wwoof.it\/?p=10346"},"modified":"2022-08-26T10:51:20","modified_gmt":"2022-08-26T10:51:20","slug":"citta-libere-da-pesticidi","status":"publish","type":"post","link":"https:\/\/org.wwoof.it\/it\/2022\/08\/citta-libere-da-pesticidi\/","title":{"rendered":"Citt\u00e0 Libere da Pesticidi"},"content":{"rendered":"\n<h2 class=\"wp-block-heading\">una iniziativa al Parlamento Europeo &#8211; la lettera di convocazione<\/h2>\n\n\n\n<p>Ci fa piacere condividere questa lettera di  Fulvia Panza, coordinatrice della Rete Citt\u00e0 Libere da Pesticidi. <\/p>\n\n\n\n<p>Vi daremo indicazioni sulla possibilit\u00e0 di seguire la conferenza da remoto<\/p>\n\n\n\n<figure class=\"wp-block-image size-full is-resized\"><img loading=\"lazy\" decoding=\"async\" src=\"https:\/\/org.wwoof.it\/wp-content\/uploads\/2022\/08\/logo-en.png\" alt=\"\" class=\"wp-image-10347\" width=\"352\" height=\"352\"\/><\/figure>\n\n\n\n<p>Gentilissime\/i,<\/p>\n\n\n\n<p>La conferenza \u201c<strong>Citt\u00e0 libere da pesticidi: dalle politiche europee ai territori, per spazi verdi pi\u00f9 sani<\/strong>\u201d si terr\u00e0 il 28 settembre alle ore 18.00 presso il Parlamento Europeo a Bruxelles.<\/p>\n\n\n\n<p><strong>Chi siamo<\/strong>:<\/p>\n\n\n\n<p><a href=\"https:\/\/www.pan-europe.info\/about-us\/who-we-are\" target=\"_blank\" rel=\"noreferrer noopener\"><strong>Pesticide Action Network&nbsp;<\/strong><\/a>(PAN) \u00e8 una ONG ambientalista e per la salute umana con sede a Bruxelles. Funziona dal 1987 per ridurre al minimo gli effetti negativi dei pesticidi pericolosi e per sostituire il loro uso con alternative ecologicamente sane e socialmente giuste. La riduzione dell&#8217;uso dei pesticidi \u00e8 un prerequisito per migliorare la salute pubblica e dei lavoratori, proteggendo l\u2019ambiente.<\/p>\n\n\n\n<p><strong>La nostra campagna<\/strong>:<\/p>\n\n\n\n<p>Mi chiamo Fulvia Panza, coordinatrice di uno dei nostri progetti pi\u00f9 importanti di PAN-Europre, la&nbsp;<a href=\"https:\/\/www.citta-libere-dai-pesticidi.info\/\" target=\"_blank\" rel=\"noreferrer noopener\"><strong>Rete Europea delle Citt\u00e0 libere dai Pesticidi<\/strong><\/a>.&nbsp; L&#8217;obiettivo generale della rete \u00e8 quello di riunire una massa critica di citt\u00e0 impegnate a eliminare gradualmente l&#8217;uso dei pesticidi e fornire una piattaforma europea di esperienze, pratiche e condivisione di conoscenze e sostegno reciproco.&nbsp;La&nbsp;<strong>Rete Europea delle Citt\u00e0 Libere dai Pesticidi&nbsp;<\/strong>prevede un&#8217;Europa in cui l&#8217;uso dei pesticidi sia ridotto al minimo e sostituito con alternative sostenibili esistenti, e quindi la salute dei cittadini e dell&#8217;ambiente sia salvaguardata, e si raggiunga una migliore qualit\u00e0 della vita<\/p>\n\n\n\n<p><strong>L&#8217;evento<\/strong>:<\/p>\n\n\n\n<p>La conferenza si terr\u00e0 il&nbsp;<strong>28 settembre 2022<\/strong>&nbsp;presso il&nbsp;<strong>Parlamento Europeo<\/strong>&nbsp;a Bruxelles dalle&nbsp;<strong>18.00<\/strong>&nbsp;alle&nbsp;<strong>20.00<\/strong>. Sar\u00e0 organizzata come una tavola rotonda alla quale parteciperanno numerosi sindaci europei, eurodeputati delle commissioni per l&#8217;ambiente, i pesticidi e l&#8217;agricoltura, rappresentanti politici dei governi degli Stati membri, membri del Comitato delle regioni e giornalisti. Si tratta di un&#8217;importante opportunit\u00e0 per scambiare opinioni e buone pratiche sulla gestione sostenibile degli spazi urbani in una prospettiva europea.<\/p>\n\n\n\n<p>La conferenza ricever\u00e0 una grande copertura mediatica e, a tal fine, pertanto riteniamo possa rappresentare una preziosa opportunit\u00e0 di visibilit\u00e0 per Lei.<\/p>\n\n\n\n<p>Per favore, non esitate a contattarmi.Cordiali saluti.<br>Fulvia Panza<\/p>\n\n\n\n<pre class=\"wp-block-preformatted\">+39 347 84 93 144 <strong>@<\/strong> <a href=\"mailto:fulvia@pan-europe.info\" target=\"_blank\" rel=\"noreferrer noopener\">fulvia@pan-europe.info<\/a><\/pre>\n\n\n\n<pre class=\"wp-block-preformatted\">Pesticide Action Network (PAN) Europe<\/pre>\n\n\n\n<pre class=\"wp-block-preformatted\"><a href=\"http:\/\/www.pesticide-free-towns.info\/\" target=\"_blank\" rel=\"noreferrer noopener\">www.pesticide-free-towns.info<\/a>\n<a href=\"http:\/\/www.pan-europe.info\/\" target=\"_blank\" rel=\"noreferrer noopener\">www.pan-europe.info<\/a><\/pre>\n\n\n\n<pre class=\"wp-block-preformatted\"><\/pre>\n\n\n\n<pre class=\"wp-block-preformatted\"><img loading=\"lazy\" decoding=\"async\" src=\"https:\/\/ci3.googleusercontent.com\/mail-sig\/AIorK4zpGkSi6EvfKG8xzVT_ZvcdHKehyLmP_CQDH8grIE9KhQ9b_Vjhny6n-51QDZwH1Z92-HwsWWk\" width=\"144\" height=\"144\"><\/pre>\n","protected":false},"excerpt":{"rendered":"<p> L&#8217;obiettivo generale della rete \u00e8 quello di riunire una massa critica di citt\u00e0 impegnate a eliminare gradualmente l&#8217;uso dei pesticidi e fornire una piattaforma europea di esperienze, pratiche e condivisione di conoscenze e sostegno reciproco. La Rete Europea delle Citt\u00e0 Libere dai Pesticidi prevede un&#8217;Europa in cui l&#8217;uso dei pesticidi sia ridotto al minimo e sostituito con alternative sostenibili esistenti, e quindi la salute dei cittadini e dell&#8217;ambiente sia salvaguardata, e si raggiunga una migliore qualit\u00e0 della vita<\/p>\n","protected":false},"author":3,"featured_media":10349,"comment_status":"closed","ping_status":"closed","sticky":false,"template":"","format":"standard","meta":{"_et_pb_use_builder":"off","_et_pb_old_content":"","_et_gb_content_width":"","wds_primary_category":0,"footnotes":""},"categories":[1423],"tags":[2186,2188],"class_list":["post-10346","post","type-post","status-publish","format-standard","has-post-thumbnail","hentry","category-dalle-nostre-reti","tag-citta-libere-da-pesticidi","tag-pesticide-action-network"],"_links":{"self":[{"href":"https:\/\/org.wwoof.it\/it\/wp-json\/wp\/v2\/posts\/10346","targetHints":{"allow":["GET"]}}],"collection":[{"href":"https:\/\/org.wwoof.it\/it\/wp-json\/wp\/v2\/posts"}],"about":[{"href":"https:\/\/org.wwoof.it\/it\/wp-json\/wp\/v2\/types\/post"}],"author":[{"embeddable":true,"href":"https:\/\/org.wwoof.it\/it\/wp-json\/wp\/v2\/users\/3"}],"replies":[{"embeddable":true,"href":"https:\/\/org.wwoof.it\/it\/wp-json\/wp\/v2\/comments?post=10346"}],"version-history":[{"count":1,"href":"https:\/\/org.wwoof.it\/it\/wp-json\/wp\/v2\/posts\/10346\/revisions"}],"predecessor-version":[{"id":10351,"href":"https:\/\/org.wwoof.it\/it\/wp-json\/wp\/v2\/posts\/10346\/revisions\/10351"}],"wp:featuredmedia":[{"embeddable":true,"href":"https:\/\/org.wwoof.it\/it\/wp-json\/wp\/v2\/media\/10349"}],"wp:attachment":[{"href":"https:\/\/org.wwoof.it\/it\/wp-json\/wp\/v2\/media?parent=10346"}],"wp:term":[{"taxonomy":"category","embeddable":true,"href":"https:\/\/org.wwoof.it\/it\/wp-json\/wp\/v2\/categories?post=10346"},{"taxonomy":"post_tag","embeddable":true,"href":"https:\/\/org.wwoof.it\/it\/wp-json\/wp\/v2\/tags?post=10346"}],"curies":[{"name":"wp","href":"https:\/\/api.w.org\/{rel}","templated":true}]}}