{"id":11837,"date":"2022-12-31T11:11:27","date_gmt":"2022-12-31T11:11:27","guid":{"rendered":"https:\/\/org.wwoof.it\/?p=11837"},"modified":"2023-10-02T16:20:52","modified_gmt":"2023-10-02T16:20:52","slug":"janas-una-iniziativa-da-sostenere","status":"publish","type":"post","link":"https:\/\/org.wwoof.it\/it\/2022\/12\/janas-una-iniziativa-da-sostenere\/","title":{"rendered":"Janas &#8211; una iniziativa da sostenere"},"content":{"rendered":"\n<h2 class=\"wp-block-heading\">un buon esempio di rete territoriale &#8211; una fra le molteplici potenzialit\u00e0 di collaborazione fra MAG6  e WWOOF Italia<\/h2>\n\n\n\n<p><\/p>\n\n\n\n<p>Qualche tempo fa Eleonora ci ha chiamati da Porano per condividere un momento di difficolt\u00e0: l\u2019iniziativa imprenditoriale che da anni condivide con Ivan stava attraversando un momento di impasse apparentemente difficile da risolvere. La sede principale delle attivit\u00e0, quella dove si svolgono le attivit\u00e0 di ristorazione e vendita di Janas ma anche le attivit\u00e0 didattiche e di mercato collettivo era stata messa in vendita ed in quel momento non era possibile far fronte all\u2019acquisto con le risorse disponibili.<\/p>\n\n\n\n<p>Il pensiero \u00e8 corso immediatamente a MAG6 che di soluzioni brillanti \u00e8 raffinata artefice.<br>Una difficolt\u00e0 \u00e8 apparsa per\u00f2 subito evidente: la distanza. MAG6 \u00e8 per definizione una iniziativa locale tesa ad esprimere il suo meglio nel territorio di elezione, l\u2019Emilia.<\/p>\n\n\n\n<p>Era per\u00f2 imminente l\u2019assemblea di WWOOF Italia a Fano e in quel frangente sarebbe stato possibile incontrare e dialogare con Francesco Bifulco e Francesco Annarumi, ambedue host nella zona di Janas: al dialogo avrebbe partecipato con competenza anche Cinzia Melograno, esperta WWOOFer e allo stesso tempo lavoratrice in congedo dello staff di MAG6.<br>Non ci \u00e8 voluto molto a capire che in quell\u2019angolo di mondo fra le province di Terni e di Viterbo, il ruolo di Janas nel tenere unita la comunit\u00e0 rurale diffusa e nell\u2019offrire ospitalit\u00e0 ad uno dei pi\u00f9 importanti mercati dell\u2019area \u00e8 e rimarr\u00e0 centrale.<\/p>\n\n\n\n<p>Eleonora e Ivan sono riconosciuti come indispensabili artefici di buone pratiche contadine e biodiverse, ma soprattutto di buone pratiche di accoglienza e stimolo per chiunque graviti intorno al loro habitat.<br>La distanza da Reggio Emilia veniva in questo modo ad essere superata, grazie anche alla presenza di un amico comune, Antonio Lo Fiego che con Arcoiris ha lunga consuetudine con i campi in cui Ivan riproduce sementi e con gli splendidi buffet allestiti con maestria da Eleonora quando \u00e8 il momento di condividere i risultati delle sperimentazioni con la comunit\u00e0 diffusa. La comune collaborazione con Rete Semi Rurali ha fatto il resto e la reciproca fiducia si \u00e8 consolidata nel tempo.<\/p>\n\n\n\n<p>Ha avuto cos\u00ec inizio la fase istruttoria che ha portato alla verifica della sostenibilit\u00e0 finanziaria del progetto ma soprattutto al riconoscimento della valenza nell\u2019economia sociale e relazionale della comunit\u00e0.<br>La riunione partecipatissima di fine novembre ha sancito la necessit\u00e0 diffusa che Janas continui a vivere per il benessere dei presenti e di altri che, pur assenti in quel momento, hanno manifestato il loro forte interesse al progetto: \u00e8 stato cos\u00ec possibile per il consiglio di amministrazione di MAG6 raccogliere la concreta solidariet\u00e0 della comunit\u00e0 locale e sottoscrivere il finanziamento che consentir\u00e0 ad Eleonora ed Ivan di procedere all\u2019acquisto del loro luogo di lavoro. <\/p>\n\n\n\n<p>La forza della comunit\u00e0 e delle reti di relazione ha permesso di valicare i confini geografici e di valorizzare un progetto che trover\u00e0 nuova spinta di rinnovamento e solidit\u00e0.<\/p>\n\n\n\n<figure class=\"wp-block-image size-large\"><img loading=\"lazy\" decoding=\"async\" width=\"1024\" height=\"1024\" src=\"https:\/\/org.wwoof.it\/wp-content\/uploads\/2023\/01\/WhatsApp-Image-2022-12-31-at-13.50.47-1024x1024.jpeg\" alt=\"\" class=\"wp-image-11914\" srcset=\"https:\/\/org.wwoof.it\/wp-content\/uploads\/2023\/01\/WhatsApp-Image-2022-12-31-at-13.50.47-1024x1024.jpeg 1024w, https:\/\/org.wwoof.it\/wp-content\/uploads\/2023\/01\/WhatsApp-Image-2022-12-31-at-13.50.47-980x980.jpeg 980w, https:\/\/org.wwoof.it\/wp-content\/uploads\/2023\/01\/WhatsApp-Image-2022-12-31-at-13.50.47-480x480.jpeg 480w\" sizes=\"(min-width: 0px) and (max-width: 480px) 480px, (min-width: 481px) and (max-width: 980px) 980px, (min-width: 981px) 1024px, 100vw\" \/><figcaption class=\"wp-element-caption\">Il mercatino della Comunit\u00e0 Rurale Diffusa ospitato da Janas<\/figcaption><\/figure>\n\n\n\n<p> <\/p>\n","protected":false},"excerpt":{"rendered":"<p>La riunione partecipatissima di fine novembre ha sancito la necessit\u00e0 diffusa che Janas continui a vivere per il benessere dei presenti e di altri che, pur assenti in quel momento, hanno manifestato il loro forte interesse al progetto: \u00e8 stato cos\u00ec possibile per il consiglio di amministrazione di MAG6 raccogliere la concreta solidariet\u00e0 della comunit\u00e0 locale e sottoscrivere il finanziamento che consentir\u00e0 ad Eleonora ed Ivan di procedere all\u2019acquisto del loro luogo di lavoro. <\/p>\n","protected":false},"author":3,"featured_media":11848,"comment_status":"closed","ping_status":"closed","sticky":false,"template":"","format":"standard","meta":{"_et_pb_use_builder":"off","_et_pb_old_content":"","_et_gb_content_width":"","wds_primary_category":0,"footnotes":""},"categories":[1423,1478,1359],"tags":[2511,2510,510,664],"class_list":["post-11837","post","type-post","status-publish","format-standard","has-post-thumbnail","hentry","category-dalle-nostre-reti","category-i-nostri-soci","category-progetti","tag-comunta-contadina-diffusa","tag-janas","tag-mag6","tag-progetti"],"_links":{"self":[{"href":"https:\/\/org.wwoof.it\/it\/wp-json\/wp\/v2\/posts\/11837","targetHints":{"allow":["GET"]}}],"collection":[{"href":"https:\/\/org.wwoof.it\/it\/wp-json\/wp\/v2\/posts"}],"about":[{"href":"https:\/\/org.wwoof.it\/it\/wp-json\/wp\/v2\/types\/post"}],"author":[{"embeddable":true,"href":"https:\/\/org.wwoof.it\/it\/wp-json\/wp\/v2\/users\/3"}],"replies":[{"embeddable":true,"href":"https:\/\/org.wwoof.it\/it\/wp-json\/wp\/v2\/comments?post=11837"}],"version-history":[{"count":3,"href":"https:\/\/org.wwoof.it\/it\/wp-json\/wp\/v2\/posts\/11837\/revisions"}],"predecessor-version":[{"id":11919,"href":"https:\/\/org.wwoof.it\/it\/wp-json\/wp\/v2\/posts\/11837\/revisions\/11919"}],"wp:featuredmedia":[{"embeddable":true,"href":"https:\/\/org.wwoof.it\/it\/wp-json\/wp\/v2\/media\/11848"}],"wp:attachment":[{"href":"https:\/\/org.wwoof.it\/it\/wp-json\/wp\/v2\/media?parent=11837"}],"wp:term":[{"taxonomy":"category","embeddable":true,"href":"https:\/\/org.wwoof.it\/it\/wp-json\/wp\/v2\/categories?post=11837"},{"taxonomy":"post_tag","embeddable":true,"href":"https:\/\/org.wwoof.it\/it\/wp-json\/wp\/v2\/tags?post=11837"}],"curies":[{"name":"wp","href":"https:\/\/api.w.org\/{rel}","templated":true}]}}