{"id":11966,"date":"2023-01-11T22:27:59","date_gmt":"2023-01-11T22:27:59","guid":{"rendered":"https:\/\/org.wwoof.it\/?p=11966"},"modified":"2024-05-02T15:50:18","modified_gmt":"2024-05-02T15:50:18","slug":"gabriele-taverna","status":"publish","type":"post","link":"https:\/\/org.wwoof.it\/it\/2023\/01\/gabriele-taverna\/","title":{"rendered":"Gabriele Taverna"},"content":{"rendered":"\n<h2 class=\"wp-block-heading\">Consigliere \/ Presidente<\/h2>\n\n\n\n<p>Gabriele, classe 1986, sono nato e cresciuto in campagna, sempre in mezzo agli animali e alla natura, che mi tengono legato con un nodo molto stretto, dei quali ho fatto la mia ragione di vita; alla ricerca dell\u2019essenzialit\u00e0. Sto per cominciare ad avviare un piccolo progetto di vita rurale e lavoro in montagna, in Piemonte, e mi dedico anche all\u2019attivit\u00e0 di artigiano della pietra a secco.<\/p>\n\n\n\n<p>Socio di Wwoof Italia dal 2014, ho conosciuto questo movimento perch\u00e8 cercavo qualcuno che mi mostrasse che era possibile concretizzare, in maniera ancora pi\u00f9 radicale di quanto gi\u00e0 facessi, uno stile di vita essenziale e rispettoso dei miei bisogni, degli altri e della natura che ci circonda. Ho partecipato attivamente al progetto VieWwoof e ho seguito da vicino altri progetti dell\u2019associazione. Aiuto nel coordinamento di alcune province in Piemonte. Mi piace prendermi cura di quello in cui mi sento coinvolto e mettere in relazione persone e idee, con l\u2019intento di avviare processi realmente partecipativi e lo sviluppo di buone pratiche. Da qualche anno mi sto formando nella campo della Facilitazione, in particolare verso i gruppi per il cambiamento sociale.<\/p>\n","protected":false},"excerpt":{"rendered":"<p>Consigliere \/ Presidente Gabriele, classe 1986, sono nato e cresciuto in campagna, sempre in mezzo agli animali e alla natura, che mi tengono legato con un nodo molto stretto, dei quali ho fatto la mia ragione di vita; alla ricerca dell\u2019essenzialit\u00e0. Sto per cominciare ad avviare un piccolo progetto di vita rurale e lavoro in [&hellip;]<\/p>\n","protected":false},"author":1,"featured_media":18545,"comment_status":"closed","ping_status":"closed","sticky":false,"template":"","format":"standard","meta":{"_et_pb_use_builder":"off","_et_pb_old_content":"","_et_gb_content_width":"","wds_primary_category":0,"footnotes":""},"categories":[2554,2553],"tags":[],"class_list":["post-11966","post","type-post","status-publish","format-standard","has-post-thumbnail","hentry","category-il-consiglio","category-le-persone"],"_links":{"self":[{"href":"https:\/\/org.wwoof.it\/it\/wp-json\/wp\/v2\/posts\/11966","targetHints":{"allow":["GET"]}}],"collection":[{"href":"https:\/\/org.wwoof.it\/it\/wp-json\/wp\/v2\/posts"}],"about":[{"href":"https:\/\/org.wwoof.it\/it\/wp-json\/wp\/v2\/types\/post"}],"author":[{"embeddable":true,"href":"https:\/\/org.wwoof.it\/it\/wp-json\/wp\/v2\/users\/1"}],"replies":[{"embeddable":true,"href":"https:\/\/org.wwoof.it\/it\/wp-json\/wp\/v2\/comments?post=11966"}],"version-history":[{"count":3,"href":"https:\/\/org.wwoof.it\/it\/wp-json\/wp\/v2\/posts\/11966\/revisions"}],"predecessor-version":[{"id":18547,"href":"https:\/\/org.wwoof.it\/it\/wp-json\/wp\/v2\/posts\/11966\/revisions\/18547"}],"wp:featuredmedia":[{"embeddable":true,"href":"https:\/\/org.wwoof.it\/it\/wp-json\/wp\/v2\/media\/18545"}],"wp:attachment":[{"href":"https:\/\/org.wwoof.it\/it\/wp-json\/wp\/v2\/media?parent=11966"}],"wp:term":[{"taxonomy":"category","embeddable":true,"href":"https:\/\/org.wwoof.it\/it\/wp-json\/wp\/v2\/categories?post=11966"},{"taxonomy":"post_tag","embeddable":true,"href":"https:\/\/org.wwoof.it\/it\/wp-json\/wp\/v2\/tags?post=11966"}],"curies":[{"name":"wp","href":"https:\/\/api.w.org\/{rel}","templated":true}]}}