{"id":12397,"date":"2023-03-13T10:11:38","date_gmt":"2023-03-13T10:11:38","guid":{"rendered":"https:\/\/org.wwoof.it\/?p=12397"},"modified":"2023-05-16T10:10:48","modified_gmt":"2023-05-16T10:10:48","slug":"grande-mercato-di-prodotti-biologici-e-artigianali","status":"publish","type":"post","link":"https:\/\/org.wwoof.it\/it\/2023\/03\/grande-mercato-di-prodotti-biologici-e-artigianali\/","title":{"rendered":"Porta i tuoi prodotti al Grande Mercato di Scandicci (FI)"},"content":{"rendered":"\n<div class=\"wp-block-columns is-layout-flex wp-container-core-columns-is-layout-9d6595d7 wp-block-columns-is-layout-flex\">\n<div class=\"wp-block-column is-layout-flow wp-block-column-is-layout-flow\">\n<h2 class=\"wp-block-heading\">in occasione del festival &#8220;72 ore di Biodiversit\u00e0&#8221; dal 20 al 22 maggio <\/h2>\n<\/div>\n\n\n\n<div class=\"wp-block-column is-layout-flow wp-block-column-is-layout-flow\">\n<p class=\"has-text-align-center has-medium-font-size\">Se vuoi partecipare <br>con il tuo banchetto di vendita<\/p>\n\n\n\n<div class=\"wp-block-buttons is-content-justification-center is-layout-flex wp-container-core-buttons-is-layout-16018d1d wp-block-buttons-is-layout-flex\">\n<div class=\"wp-block-button\"><a class=\"wp-block-button__link wp-element-button\" href=\"#iscrizionebanchetto\">Iscriviti!<\/a><\/div>\n<\/div>\n<\/div>\n<\/div>\n\n\n\n<p><strong>Il Festival \u00e8 giunto al suo secondo appuntamento<\/strong>! dopo il grande successo all&#8217;esordio di maggio 2022,  \u00e8 lecito scommettere nella  crescita della partecipazione con l&#8217;ambizione che diventi un punto di riferimento di respiro nazionale per i numerosi temi che ruotano intorno ai concetti e alle pratiche biodiverse ed agroecologiche. <\/p>\n\n\n\n<p>Saranno tre giorni di festa, informazione, scambio e laboratori con la presenza di numerosi ospiti: il contributo richiesto ai soci di WWOOF Italia \u00e8 di allargare le adesioni al mercato previsto per sabato 21 e domenica 22.<\/p>\n\n\n\n<p> Chi fra voi ha interesse a presentare le sue produzioni agricole od artigianali o magari abbia interesse a proporre un laboratorio legga la lettera che Chiara ci ha inviata e si iscriva quanto prima!!<\/p>\n\n\n\n<p><\/p>\n\n\n\n<div class=\"wp-block-group has-background is-layout-constrained wp-container-core-group-is-layout-889dbef6 wp-block-group-is-layout-constrained\" style=\"background:linear-gradient(135deg,rgb(255,245,203) 0%,rgb(182,227,212) 82%,rgb(51,167,181) 100%)\">\n<p class=\"has-black-color has-text-color has-medium-font-size\">Buongiorno a tutti\/e,&nbsp;<\/p>\n\n\n\n<p class=\"has-black-color has-text-color has-medium-font-size\">sono Chiara Degl&#8217;Innocenti di Rete Semi Rurali e vi scrivo per invitarvi a prendere parte al nostro festival &#8220;72 ore di Biodiversit\u00e0&#8221; che anche quest&#8217;anno, per la sua seconda edizione, si svolger\u00e0 dal 20 al 22 maggio a Scandicci.&nbsp;<\/p>\n\n\n\n<p class=\"has-black-color has-text-color has-medium-font-size\">Il programma \u00e8 in via di definizione, ma sicuramente, accanto a numerose attivit\u00e0 e momenti di dialogo e di divertimento per grandi e piccini,&nbsp; sar\u00e0 nuovamente allestito un&nbsp;<strong>grande Mercato di prodotti biologici e artigianali&nbsp;<\/strong>al quale ci farebbe molto piacere se si unissero nuovi agricoltori e agricoltrici e nuovi\/e artigiani\/e.<\/p>\n\n\n\n<p class=\"has-black-color has-text-color has-medium-font-size\">Con ogni probabilit\u00e0 quest&#8217;anno il mercato sar\u00e0 accolto nel<strong>&nbsp;Parco dell&#8217;Acciaiolo<\/strong>, zona verde nel centro di Scandicci dove, in contemporanea al mercato, avranno luogo pasti conviviali, attivit\u00e0, conferenze, laboratori, animazione per adulti e bambini e concerti. Stavamo inoltre valutando la possibilit\u00e0 di organizzare il mercato su&nbsp;<strong>due giorni<\/strong>&nbsp;(sabato 20 e domenica 21) invece che su uno solo (come  \u00e8 stato l&#8217;anno scorso).<\/p>\n\n\n\n<p class=\"has-black-color has-text-color has-medium-font-size\">In tal senso ci farebbe piacere che compilaste quanto prima il <strong>modulo di partecipazione <\/strong>che sar\u00e0&nbsp;<strong>gratuita<\/strong>: non verr\u00e0 quindi chiesto alcun contributo agli espositori per lo spazio.<\/p>\n\n\n\n<p class=\"has-black-color has-text-color has-medium-font-size\">Rimango in attesa di un vostro gentile riscontro che ci sar\u00e0 utile per organizzare al meglio i tempi e gli spazi del mercato, affinch\u00e9 sia per tutti una bella occasione di visibilit\u00e0 e condivisione.<\/p>\n\n\n\n<p class=\"has-black-color has-text-color has-medium-font-size\">Con l&#8217;occasione vi invio in allegato il documento descrittivo della passata edizione.&nbsp;<\/p>\n\n\n\n<p class=\"has-black-color has-text-color has-medium-font-size\">Di seguito un video dell&#8217;edizione 2022<\/p>\n\n\n\n<figure class=\"wp-block-embed is-type-video is-provider-youtube wp-block-embed-youtube wp-embed-aspect-16-9 wp-has-aspect-ratio\"><div class=\"wp-block-embed__wrapper\">\n<iframe loading=\"lazy\" title=\"72ore di BIODIVERSIT\u00c0\" width=\"1080\" height=\"608\" src=\"https:\/\/www.youtube.com\/embed\/WyzB4bIaMJ0?feature=oembed\"  allow=\"accelerometer; autoplay; clipboard-write; encrypted-media; gyroscope; picture-in-picture; web-share\" allowfullscreen><\/iframe>\n<\/div><\/figure>\n\n\n\n<p class=\"has-black-color has-text-color has-medium-font-size\">&#8212;&nbsp;<br>Chiara Degl&#8217;Innocenti<br>Rete Semi Rurali <br>tel. 339 7976707<\/p>\n<\/div>\n\n\n\n<div style=\"height:100px\" aria-hidden=\"true\" class=\"wp-block-spacer\"><\/div>\n\n\n\n<div id=\"iscrizionebanchetto\" class=\"wp-block-group has-background is-layout-constrained wp-block-group-is-layout-constrained\" style=\"background-color:#f2e8d1\">\n<h2 class=\"wp-block-heading\">Se sei interessato compila il modulo per la preadesione<\/h2>\n\n\n\n<p><\/p>\n\n\n\n<div class=\"forminator-guttenberg\"><div class=\"forminator-ui forminator-custom-form forminator-custom-form-12423 forminator-design--flat  forminator_ajax\" data-forminator-render=\"0\" data-form=\"forminator-module-12423\" data-uid=\"69f5a767bfef4\"><br\/><\/div><form\r\n\t\t\t\tid=\"forminator-module-12423\"\r\n\t\t\t\tclass=\"forminator-ui forminator-custom-form forminator-custom-form-12423 forminator-design--flat  forminator_ajax\"\r\n\t\t\t\tmethod=\"post\"\r\n\t\t\t\tdata-forminator-render=\"0\"\r\n\t\t\t\tdata-form-id=\"12423\"\r\n\t\t\t\t data-color-option=\"default\" data-design=\"flat\" data-grid=\"open\" style=\"display: none;\"\r\n\t\t\t\tdata-uid=\"69f5a767bfef4\"\r\n\t\t\t><div role=\"alert\" aria-live=\"polite\" class=\"forminator-response-message forminator-error\" aria-hidden=\"true\"><\/div><div class=\"forminator-row\"><div id=\"name-1\" class=\"forminator-field-name forminator-col forminator-col-6 \"><div class=\"forminator-field\"><label for=\"forminator-field-name-1_69f5a767bfef4\" id=\"forminator-field-name-1_69f5a767bfef4-label\" class=\"forminator-label\">Il tuo nome <span class=\"forminator-required\">*<\/span><\/label><input type=\"text\" name=\"name-1\" value=\"\" placeholder=\"il tuo nome\" id=\"forminator-field-name-1_69f5a767bfef4\" class=\"forminator-input forminator-name--field\" aria-required=\"true\" autocomplete=\"name\" \/><\/div><\/div><div id=\"text-2\" class=\"forminator-field-text forminator-col forminator-col-6 \"><div class=\"forminator-field\"><label for=\"forminator-field-text-2_69f5a767bfef4\" id=\"forminator-field-text-2_69f5a767bfef4-label\" class=\"forminator-label\">Nome Fattoria<\/label><input type=\"text\" name=\"text-2\" value=\"\" placeholder=\"Nominativo Fattoria\" id=\"forminator-field-text-2_69f5a767bfef4\" class=\"forminator-input forminator-name--field\" data-required=\"\" \/><\/div><\/div><\/div><div class=\"forminator-row\"><div id=\"email-1\" class=\"forminator-field-email forminator-col forminator-col-6 \"><div class=\"forminator-field\"><label for=\"forminator-field-email-1_69f5a767bfef4\" id=\"forminator-field-email-1_69f5a767bfef4-label\" class=\"forminator-label\">Email <span class=\"forminator-required\">*<\/span><\/label><input type=\"email\" name=\"email-1\" value=\"\" placeholder=\"indirizzo email\" id=\"forminator-field-email-1_69f5a767bfef4\" class=\"forminator-input forminator-email--field\" data-required=\"1\" aria-required=\"true\" autocomplete=\"email\" \/><\/div><\/div><div id=\"phone-1\" class=\"forminator-field-phone forminator-col forminator-col-6 \"><div class=\"forminator-field\"><label for=\"forminator-field-phone-1_69f5a767bfef4\" id=\"forminator-field-phone-1_69f5a767bfef4-label\" class=\"forminator-label\">Telefono<\/label><input type=\"text\" name=\"phone-1\" value=\"\" placeholder=\"telefono\" id=\"forminator-field-phone-1_69f5a767bfef4\" class=\"forminator-input forminator-field--phone\" data-required=\"\" aria-required=\"false\" autocomplete=\"off\" \/><\/div><\/div><\/div><div class=\"forminator-row\"><div id=\"text-1\" class=\"forminator-field-text forminator-col forminator-col-12 \"><div class=\"forminator-field\"><label for=\"forminator-field-text-1_69f5a767bfef4\" id=\"forminator-field-text-1_69f5a767bfef4-label\" class=\"forminator-label\">Da dove vieni<\/label><input type=\"text\" name=\"text-1\" value=\"\" placeholder=\"da dove vieni\" id=\"forminator-field-text-1_69f5a767bfef4\" class=\"forminator-input forminator-name--field\" data-required=\"\" \/><\/div><\/div><\/div><div class=\"forminator-row\"><div id=\"select-1\" class=\"forminator-field-select forminator-col forminator-col-12 \"><div class=\"forminator-field\"><select  id=\"forminator-form-12423__field--select-1_69f5a767bfef4\" class=\"forminator-select--field forminator-select2 forminator-select2-multiple\" data-required=\"\" name=\"select-1\" data-default-value=\"\" data-hidden-behavior=\"zero\" data-placeholder=\"In quali giorni potresti partecipare\" data-search=\"false\" data-search-placeholder=\"In quali giorni potresti partecipare\" data-checkbox=\"false\" data-allow-clear=\"false\" aria-labelledby=\"forminator-form-12423__field--select-1_69f5a767bfef4-label\"><option value=\"\"  >In quali giorni potresti partecipare<\/option><option value=\"one\"  data-calculation=\"0\">Sabato 20 Maggio<\/option><option value=\"two\"  data-calculation=\"0\">Domenica 21 Maggio<\/option><option value=\"20-e-21-Maggio\"  data-calculation=\"0\">20 e 21 Maggio<\/option><\/select><\/div><\/div><\/div><div class=\"forminator-row\"><div id=\"consent-1\" class=\"forminator-field-consent forminator-col forminator-col-12 \"><div class=\"forminator-field\"><label for=\"forminator-field-consent-1_69f5a767bfef4\" id=\"forminator-field-consent-1_69f5a767bfef4-label\" class=\"forminator-label\">Privacy <span class=\"forminator-required\">*<\/span><\/label><div class=\"forminator-checkbox__wrapper\"><label id=\"forminator-field-consent-1_69f5a767bfef4__label\" class=\"forminator-checkbox forminator-consent\"><input type=\"checkbox\" name=\"consent-1\" id=\"forminator-field-consent-1_69f5a767bfef4\" value=\"checked\" aria-labelledby=\"forminator-field-consent-1_69f5a767bfef4-label\" aria-describedby=\"forminator-field-consent-1_69f5a767bfef4__description\" data-required=\"true\" aria-required=\"true\" \/><span class=\"forminator-checkbox-box\" aria-hidden=\"true\"><\/span><\/label><div id=\"forminator-field-consent-1_69f5a767bfef4__description\" class=\"forminator-checkbox__label forminator-consent__label\"><p>Ho letto e accesso la <a href=\"https:\/\/org.wwoof.it\/it\/dichiarazione-sulla-privacy-ue\/\" target=\"_blank\" rel=\"noopener\">privacy policy<\/a> pubblicata sul sito.<\/p><\/div><\/div><\/div><\/div><\/div><input type=\"hidden\" name=\"referer_url\" value=\"\" \/><div class=\"forminator-row forminator-row-last\"><div class=\"forminator-col\"><div class=\"forminator-field\"><button class=\"forminator-button forminator-button-submit\">invia il messaggio!<\/button><\/div><\/div><\/div><input type=\"hidden\" id=\"forminator_nonce\" name=\"forminator_nonce\" value=\"5df2f45c1a\" \/><input type=\"hidden\" name=\"_wp_http_referer\" value=\"\/it\/wp-json\/wp\/v2\/posts\/12397\" \/><input type=\"hidden\" name=\"form_id\" value=\"12423\"><input type=\"hidden\" name=\"page_id\" value=\"12397\"><input type=\"hidden\" name=\"form_type\" value=\"default\"><input type=\"hidden\" name=\"current_url\" value=\"https:\/\/org.wwoof.it\/it\/2023\/03\/grande-mercato-di-prodotti-biologici-e-artigianali\/\"><input type=\"hidden\" name=\"render_id\" value=\"0\"><input type=\"hidden\" name=\"action\" value=\"forminator_submit_form_custom-forms\"><\/form><\/div>\n<\/div>\n\n\n\n<div style=\"height:100px\" aria-hidden=\"true\" class=\"wp-block-spacer\"><\/div>\n\n\n\n<div data-wp-interactive=\"core\/file\" class=\"wp-block-file\"><object data-wp-bind--hidden=\"!state.hasPdfPreview\" hidden class=\"wp-block-file__embed\" data=\"https:\/\/org.wwoof.it\/wp-content\/uploads\/2023\/02\/72ORE_presentazione_A3-1.pdf\" type=\"application\/pdf\" style=\"width:100%;height:600px\" aria-label=\"Incorporamento di 72ORE_presentazione_A3-1.\"><\/object><a id=\"wp-block-file--media-032965a2-38ba-4027-b794-dc97fdcfc8ae\" href=\"https:\/\/org.wwoof.it\/wp-content\/uploads\/2023\/02\/72ORE_presentazione_A3-1.pdf\">72ORE_presentazione_A3-1<\/a><a href=\"https:\/\/org.wwoof.it\/wp-content\/uploads\/2023\/02\/72ORE_presentazione_A3-1.pdf\" class=\"wp-block-file__button wp-element-button\" download aria-describedby=\"wp-block-file--media-032965a2-38ba-4027-b794-dc97fdcfc8ae\">Download<\/a><\/div>\n\n\n\n<div style=\"height:100px\" aria-hidden=\"true\" class=\"wp-block-spacer\"><\/div>\n\n\n\n<h2 class=\"wp-block-heading\">Qualche immagine dell&#8217;edizione passata<\/h2>\n\n\n\n<figure class=\"wp-block-gallery has-nested-images columns-default is-cropped wp-block-gallery-1 is-layout-flex wp-block-gallery-is-layout-flex\">\n<figure class=\"wp-block-image size-large\"><img loading=\"lazy\" decoding=\"async\" width=\"512\" height=\"341\" data-id=\"12449\" src=\"https:\/\/org.wwoof.it\/wp-content\/uploads\/2023\/02\/Inserto_foto-1-4.jpg\" alt=\"\" class=\"wp-image-12449\" srcset=\"https:\/\/org.wwoof.it\/wp-content\/uploads\/2023\/02\/Inserto_foto-1-4.jpg 512w, https:\/\/org.wwoof.it\/wp-content\/uploads\/2023\/02\/Inserto_foto-1-4-480x320.jpg 480w\" sizes=\"(min-width: 0px) and (max-width: 480px) 480px, (min-width: 481px) 512px, 100vw\" \/><\/figure>\n\n\n\n<figure class=\"wp-block-image size-large\"><img loading=\"lazy\" decoding=\"async\" width=\"512\" height=\"341\" data-id=\"12454\" src=\"https:\/\/org.wwoof.it\/wp-content\/uploads\/2023\/02\/Inserto_foto-1-3.jpg\" alt=\"\" class=\"wp-image-12454\" srcset=\"https:\/\/org.wwoof.it\/wp-content\/uploads\/2023\/02\/Inserto_foto-1-3.jpg 512w, https:\/\/org.wwoof.it\/wp-content\/uploads\/2023\/02\/Inserto_foto-1-3-480x320.jpg 480w\" sizes=\"(min-width: 0px) and (max-width: 480px) 480px, (min-width: 481px) 512px, 100vw\" \/><\/figure>\n\n\n\n<figure class=\"wp-block-image size-large\"><img loading=\"lazy\" decoding=\"async\" width=\"512\" height=\"384\" data-id=\"12452\" src=\"https:\/\/org.wwoof.it\/wp-content\/uploads\/2023\/02\/Inserto_foto-1-2.jpg\" alt=\"\" class=\"wp-image-12452\" srcset=\"https:\/\/org.wwoof.it\/wp-content\/uploads\/2023\/02\/Inserto_foto-1-2.jpg 512w, https:\/\/org.wwoof.it\/wp-content\/uploads\/2023\/02\/Inserto_foto-1-2-480x360.jpg 480w\" sizes=\"(min-width: 0px) and (max-width: 480px) 480px, (min-width: 481px) 512px, 100vw\" \/><\/figure>\n\n\n\n<figure class=\"wp-block-image size-large\"><img loading=\"lazy\" decoding=\"async\" width=\"512\" height=\"341\" data-id=\"12448\" src=\"https:\/\/org.wwoof.it\/wp-content\/uploads\/2023\/02\/Inserto_foto-1-6.jpg\" alt=\"\" class=\"wp-image-12448\" srcset=\"https:\/\/org.wwoof.it\/wp-content\/uploads\/2023\/02\/Inserto_foto-1-6.jpg 512w, https:\/\/org.wwoof.it\/wp-content\/uploads\/2023\/02\/Inserto_foto-1-6-480x320.jpg 480w\" sizes=\"(min-width: 0px) and (max-width: 480px) 480px, (min-width: 481px) 512px, 100vw\" \/><\/figure>\n\n\n\n<figure class=\"wp-block-image size-large\"><img loading=\"lazy\" decoding=\"async\" width=\"512\" height=\"341\" data-id=\"12457\" src=\"https:\/\/org.wwoof.it\/wp-content\/uploads\/2023\/02\/Inserto_foto-1-1.jpg\" alt=\"\" class=\"wp-image-12457\" srcset=\"https:\/\/org.wwoof.it\/wp-content\/uploads\/2023\/02\/Inserto_foto-1-1.jpg 512w, https:\/\/org.wwoof.it\/wp-content\/uploads\/2023\/02\/Inserto_foto-1-1-480x320.jpg 480w\" sizes=\"(min-width: 0px) and (max-width: 480px) 480px, (min-width: 481px) 512px, 100vw\" \/><\/figure>\n\n\n\n<figure class=\"wp-block-image size-large\"><img loading=\"lazy\" decoding=\"async\" width=\"512\" height=\"341\" data-id=\"12455\" src=\"https:\/\/org.wwoof.it\/wp-content\/uploads\/2023\/02\/Inserto_foto-1-9.jpg\" alt=\"\" class=\"wp-image-12455\" srcset=\"https:\/\/org.wwoof.it\/wp-content\/uploads\/2023\/02\/Inserto_foto-1-9.jpg 512w, https:\/\/org.wwoof.it\/wp-content\/uploads\/2023\/02\/Inserto_foto-1-9-480x320.jpg 480w\" sizes=\"(min-width: 0px) and (max-width: 480px) 480px, (min-width: 481px) 512px, 100vw\" \/><\/figure>\n\n\n\n<figure class=\"wp-block-image size-large\"><img loading=\"lazy\" decoding=\"async\" width=\"512\" height=\"341\" data-id=\"12460\" src=\"https:\/\/org.wwoof.it\/wp-content\/uploads\/2023\/02\/Inserto_foto-1-10.jpg\" alt=\"\" class=\"wp-image-12460\" srcset=\"https:\/\/org.wwoof.it\/wp-content\/uploads\/2023\/02\/Inserto_foto-1-10.jpg 512w, https:\/\/org.wwoof.it\/wp-content\/uploads\/2023\/02\/Inserto_foto-1-10-480x320.jpg 480w\" sizes=\"(min-width: 0px) and (max-width: 480px) 480px, (min-width: 481px) 512px, 100vw\" \/><\/figure>\n<\/figure>\n","protected":false},"excerpt":{"rendered":"<p>Partecipa con i tuoi prodotti alla 72 ore di biodiversit\u00e0 a Scandicci dal 20 al 22 maggio! Accanto a numerose attivit\u00e0 e momenti di dialogo e di divertimento per grandi e piccini,\u00a0 sar\u00e0 nuovamente allestito un\u00a0grande Mercato di prodotti biologici e artigianali\u00a0al quale ci farebbe molto piacere se si unissero nuovi agricoltori e agricoltrici e nuovi\/e artigiani\/e.<\/p>\n","protected":false},"author":3,"featured_media":12465,"comment_status":"closed","ping_status":"closed","sticky":false,"template":"","format":"standard","meta":{"_et_pb_use_builder":"off","_et_pb_old_content":"","_et_gb_content_width":"","wds_primary_category":0,"footnotes":""},"categories":[29,1423,1358],"tags":[2668,2667,193,468,1154],"class_list":["post-12397","post","type-post","status-publish","format-standard","has-post-thumbnail","hentry","category-comunicazioni-dell-associazione-2","category-dalle-nostre-reti","category-iniziative","tag-72-ore","tag-artigianato","tag-biodiversita","tag-mercato-contadino","tag-scandicci"],"_links":{"self":[{"href":"https:\/\/org.wwoof.it\/it\/wp-json\/wp\/v2\/posts\/12397","targetHints":{"allow":["GET"]}}],"collection":[{"href":"https:\/\/org.wwoof.it\/it\/wp-json\/wp\/v2\/posts"}],"about":[{"href":"https:\/\/org.wwoof.it\/it\/wp-json\/wp\/v2\/types\/post"}],"author":[{"embeddable":true,"href":"https:\/\/org.wwoof.it\/it\/wp-json\/wp\/v2\/users\/3"}],"replies":[{"embeddable":true,"href":"https:\/\/org.wwoof.it\/it\/wp-json\/wp\/v2\/comments?post=12397"}],"version-history":[{"count":20,"href":"https:\/\/org.wwoof.it\/it\/wp-json\/wp\/v2\/posts\/12397\/revisions"}],"predecessor-version":[{"id":12481,"href":"https:\/\/org.wwoof.it\/it\/wp-json\/wp\/v2\/posts\/12397\/revisions\/12481"}],"wp:featuredmedia":[{"embeddable":true,"href":"https:\/\/org.wwoof.it\/it\/wp-json\/wp\/v2\/media\/12465"}],"wp:attachment":[{"href":"https:\/\/org.wwoof.it\/it\/wp-json\/wp\/v2\/media?parent=12397"}],"wp:term":[{"taxonomy":"category","embeddable":true,"href":"https:\/\/org.wwoof.it\/it\/wp-json\/wp\/v2\/categories?post=12397"},{"taxonomy":"post_tag","embeddable":true,"href":"https:\/\/org.wwoof.it\/it\/wp-json\/wp\/v2\/tags?post=12397"}],"curies":[{"name":"wp","href":"https:\/\/api.w.org\/{rel}","templated":true}]}}