{"id":1248,"date":"2018-04-23T08:28:13","date_gmt":"2018-04-23T08:28:13","guid":{"rendered":"http:\/\/wwoof.sviluppo.host\/2018\/04\/23\/custodia-dell-ecologia-dei-terreni-azioni-per-un-agricoltura-di-co-produzione-fra-uomo-e-natura\/"},"modified":"2023-10-02T16:20:54","modified_gmt":"2023-10-02T16:20:54","slug":"custodia-dell-ecologia-dei-terreni-azioni-per-un-agricoltura-di-co-produzione-fra-uomo-e-natura","status":"publish","type":"post","link":"https:\/\/org.wwoof.it\/it\/2018\/04\/custodia-dell-ecologia-dei-terreni-azioni-per-un-agricoltura-di-co-produzione-fra-uomo-e-natura\/","title":{"rendered":"CUSTODIA DELL\u2019ECOLOGIA DEI TERRENI \u2013 Azioni per un\u2019agricoltura di co-produzione fra uomo e natura."},"content":{"rendered":"<p><img decoding=\"async\" class=\" size-full wp-image-3264\" src=\"https:\/\/org.wwoof.it\/wp-content\/uploads\/2018\/04\/1784e00b0b60f953190c43cb5b6689b8.jpg\" alt=\"\" \/><\/p>\n<p><strong>CAMPO DI LAVORO 17-18-19 Maggio<\/strong> (massimo 10 iscritti) e <strong>FORMAZIONE TEORICO-PRATICA Domenica 20 Maggio<\/strong> (aperta a tutti gli interessati), nella fattoria WWOOFItalia <strong>Podere Veranello a Scansano GR,<\/strong> in Maremma, a cura del <strong>Gruppo di Lavoro Custodia dell\u2019Ecologia dei Terreni<\/strong> di WWOOFItalia.<\/p>\n<p>  <!--more-->  <\/p>\n<p>&nbsp;<\/p>\n<p><span style=\"font-size: 10pt;\"><strong>Principi e metodi per contadini e possessori di terra che vogliono prendersi cura dell\u2019ecosistema naturale del terreno<\/strong> in rapporto alle attivit\u00e0 umane, nello spirito di WWOOFIitalia di educarsi e lavorare insieme. <\/span><\/p>\n<p><span style=\"font-size: 10pt;\"><strong>Il campo \u00e8 aperto alle persone interessate e motivate,<\/strong> anche senza preparazione specifica, a far s\u00ec che la propriet\u00e0 terriera rimanga un bene comune naturale, in cui le persone vivono e coltivano, per sussistenza e reddito, come membri di un ecosistema. Il lavoro sul campo \u00e8 in forma di volontariato, Per la giornata di studio si chiede un contributo<\/span><\/p>\n<h3><span style=\"font-size: 10pt;\"><\/span><br \/><span style=\"font-size: 10pt;\">CAMPO DI LAVORO<\/span><span style=\"font-size: 10pt;\"> &#8211; <\/span><span style=\"font-size: 10pt;\">Caratteristiche Generali. <\/span><\/h3>\n<h3><span style=\"font-size: 10pt;\">INIZIO <\/span><\/h3>\n<p><span style=\"font-size: 10pt;\">gioved\u00ec 17 ore 15.30. <\/span><\/p>\n<h3><span style=\"font-size: 10pt;\">TERMINE <\/span><\/h3>\n<p><span style=\"font-size: 10pt;\">domenica 20 ore 19. <\/span><\/p>\n<h3><span style=\"font-size: 10pt;\">SINTESI ATTIVITA&#8217;: <\/span><\/h3>\n<p><span style=\"font-size: 10pt;\">Tre giorni di lavoro fisico, approfondimenti tematici, pause ricreative, una giornata di studio. ORARI: sveglia e colazione 6.30-8 \/ lavoro 8-12 e 15-18 \/ tempo libero e pasti 12-15 e 18-23.<\/span><\/p>\n<h3><span style=\"font-size: 10pt;\"><\/span><br \/><span style=\"font-size: 10pt;\">Lavoro sul terreno.<\/span><\/h3>\n<p><span style=\"font-size: 10pt;\"> Si riprende il lavoro iniziato con un primo campo nel giugno 2017, a seguito di un accordo di custodia ecologica fra Giancarlo, proprietario del podere, e il Gruppo di Lavoro. In questa fase si ostru\u00ec, con metodi di ingegneria naturalistica, un fosso di scolo, per deviare e conservare l&#8217;acqua che si raccoglie nel podere verso un avvallamento, creando un&#8217; ambiente umido ricco di biodiversit\u00e0 e con potenziale fitodepurante, che con le recenti piogge si sta formando. Nel prossimo campo si riprende il lavoro per rallentare il passaggio delle acque meteoriche e incrementare la naturalizzazione in ambiente umido di aree incolte. Si tratter\u00e0 soprattutto di mettere fascine e ramaglie in altri fossi di scolo, con aggiunta di terra, per favorirne l\u2019intasamento con sedimenti portati dal ruscellamento e consolidare lo sbarramento del fosso ostruito in precedenza. Nel tempo libero approfondimenti sull\u2019agroecologia e la custodia, oltre a riposo, convivialit\u00e0 e ricreazione (bagno serale alle vicine terme di Saturnia).<\/span><\/p>\n<h3><span style=\"font-size: 10pt;\">GIORNATA DI STUDIO SULLA CUSTODIA DELL\u2019ECOLOGIA DEI TERRENI &#8211; DOMENICA 20 MAGGIO<\/span><\/h3>\n<p><span style=\"font-size: 10pt;\">Proposta informativa\/formativa su principi teorico pratici di base per orientare in chiave ecologica l\u2019attivit\u00e0 agricola e di gestione della terra, con riferimento all\u2019azione di custodia nel podere Veranello; elementi di rilevazione ecologica pratica, principi generali di custodia con dimostrazione sul campo; incontro con esperti e rappresentanti della comunit\u00e0 locale. La giornata \u00e8 aperta a contadini o chi possiede e gestisce terra o vuole interessarsene indirettamente.<\/span><br \/><span style=\"font-size: 10pt;\"><\/span><\/p>\n<h3><span style=\"font-size: 10pt;\">MATTINA 9-13<\/span><br \/><span style=\"font-size: 10pt;\"><\/span><\/h3>\n<p><span style=\"font-size: 10pt;\">Presentazioni del Gruppo di Lavoro: impegno del gruppo e accordi di custodia; l\u2019accordo di custodia di Veranello<br \/>Attivit\u00e0 con Marina Pischedda e Guido Bernini, biologi naturalisti del gruppo su interventi di miglioramento ambientale e prassi di gestione eco-funzionale per mantenere e valorizzare la biodiversit\u00e0 di un terreno agricolo: riflessioni sull&#8217; ecologia fluviale e delle zone umide, anfibi, rettili, macroinvertebrati, flora, importanza di questi habitat nel contesto agricolo; presentazione di una scheda e un metodo di rilevazione per valutare la biodiversit\u00e0 di un&#8217;area e applicazione sul campo; dimostrazione sul torrente del metodo di ricerca di macroinvertebrati per la valutazione della qualit\u00e0 delle acque superficiali<\/span><\/p>\n<h3><span style=\"font-size: 10pt;\">POMERIGGIO 15-19<\/span><\/h3>\n<p><span style=\"font-size: 10pt;\">Incontro e discussione con Giulio Conte sul tema: Uomo e acqua: un rapporto da ricostruire<\/span><br \/><span style=\"font-size: 10pt;\">Incontro e discussione con rappresentanti della comunit\u00e0 locale su prospettive agricole ed ecologiche nel territorio<\/span><br \/><span style=\"font-size: 10pt;\">Giulio Conte (Roma 1963), biologo, consulente ambientale per la gestione delle acque e delle risorse naturali. Socio fondatore dell\u2019Istituto Ambiente Italia, responsabile dell\u2019area Risorse Naturali. Con la societ\u00e0 di ingegneria IRIDRA progetta soluzioni per la gestione sostenibile delle acque e degli scarichi idrici. Ha collaborato a progetti internazionali sulla gestione delle acque con partner europei e nordafricani. Membro del Comitato Scientifico Nazionale di Legambiente, per cui ha coordinato campagne sullo stato delle acque interne e costiere (Goletta Verde, Operazione Fiumi). Gi\u00e0 membro Commissione Ministeriale che ha elaborato il Dlgs 152\/1999 sulla \u201ctutela delle acque dall\u2019 inquinamento\u201d. Co-fondatore del CIRF (Centro Italiano per la Riqualificazione Fluviale) e presidente dal 1999 al 2008.<\/span><\/p>\n<h3><span style=\"font-size: 10pt;\">ORGANIZZAZIONE DEL CAMPO<\/span><\/h3>\n<p><span style=\"font-size: 10pt;\">Indirizzo Giancarlo Bucci. Podere Veranello. Via S.P.Ragnaie, 69. 58054 Scansano GR. Tel 347 8036456. GPS 42.649660182 11.400364637. Via delle Ragnaie inizia dal bivio posto al km 85,900 della Provinciale 159 (Grosseto-Manciano via Scansano. Il podere si trova sulla destra a 600 metri dal bivio.<\/span><\/p>\n<h3><span style=\"font-size: 10pt;\">Come arrivarci Con mezzi propri: <\/span><\/h3>\n<p><span style=\"font-size: 10pt;\">sulla Strada Provinciale 159 Grosseto-Manciano Via delle Ragnaie si dirama verso nord all&#8217;altezza di Pomonte, frazione di Scansano, circa a met\u00e0 strada (14 km) sia da Scansano che da Manciano. Per chi proviene da Scansano, Via delle Ragnaie si trova sulla sinistra poco prima di Pomonte. <\/span><\/p>\n<h3><span style=\"font-size: 10pt;\">Con Treno e Bus.<\/span><\/h3>\n<p><span style=\"font-size: 10pt;\"> Stazione ferroviaria Grosseto. Linea bus Grosseto-Manciano via Scansano, con partenza dal piazzale della stazione di GR e fermata \u201cBivio Ragnaie\u201d sulla Provinciale 159. Per l&#8217;arrivo il gioved\u00ec ultima corsa utile da GR ore 13:30, con arrivo al Bivio Ragnaie ore 14:41. Per la partenza uniche corse dal Bivio luned\u00ec ore 06:29 e 07:46, con arrivi a GR ore 07:40 e 08:43. La domenica non ci sono bus. Per difficolt\u00e0 o variazioni di giorno contattare Giancarlo.<\/span><\/p>\n<h3><span style=\"font-size: 10pt;\">Alloggio e Cibo. <\/span><\/h3>\n<p><span style=\"font-size: 10pt;\">Si alloggia in casa di Giancarlo, che \u00e8 una casa colonica non una struttura ricettiva. 10 posti letto in camere multiple o tenda possibilmente propria. Portare lenzuola sacco a pelo asciugamano. Uso moderato di acqua luce telefono e connessione internet. Cibo locale, stagionale e naturale tendenzialmente vegetariano. Segnalare particolari esigenze alimentari. Faremo turni per le pulizie domestiche e la cucina, che comunque \u00e8 gestita dalla casa.<\/span><\/p>\n<h3><span style=\"font-size: 10pt;\">Abbigliamento e Attrezzatura.<\/span><\/h3>\n<p><span style=\"font-size: 10pt;\"> Scarpe e guanti da lavoro. Cappello. Abiti leggeri ma anche per fresco o pioggia. Costume da bagno. Bucato a mano. Detersivi naturali per igiene e bucato. Carta igienica. Crema solare. Chi pu\u00f2 porti utensili da scavo (vanga, pala, piccone) e taglio (roncola, segaccio, forbici da potatura).<\/span><\/p>\n<h3><span style=\"font-size: 10pt;\">Costi. <\/span><\/h3>\n<p><span style=\"font-size: 10pt;\">Il viaggio a spese proprio del partecipante. Il campo \u00e8 in forma di volontariato, per soci WWOOFItalia (vedi wwoof.it). Chiediamo un contributo di 25\u20ac solo per la giornata di formazione di domenica 20, per rimborsi ai relatori, pasti e materiali. La giornata \u00e8 parte integrante del campo di lavoro e anche un momento formativo aperto a tutti gli interessati. Contiamo da chi puo&#8217; permetterselo in un contributo libero aggiuntivo, non necessariamente finanziario, sia per integrare le spese del campo, sia per il lavoro in divenire del gruppo di lavoro.<\/span><\/p>\n<h3><span style=\"font-size: 10pt;\">Iscrizione. <\/span><\/h3>\n<p><span style=\"font-size: 10pt;\">Il campo si svolge con un minimo di 4 iscritti fino ad un massimo di 10. Si accettano iscrizioni fino al 13 maggio, contattando i referenti indicati qui sotto.<\/span><\/p>\n<h3><span style=\"font-size: 10pt;\">Per iscrizione e informazioni: <\/span><\/h3>\n<p><span style=\"font-size: 10pt;\">Dino dinutzz@hotmail.com 328 9023672<\/span><\/p>\n<h3><span style=\"font-size: 10pt;\">Per l\u2019alloggio <\/span><\/h3>\n<p><span style=\"font-size: 10pt;\">Giancarlo giancarlobiologico@gmail.com 347 8036456<\/span><\/p>\n","protected":false},"excerpt":{"rendered":"<p>CAMPO DI LAVORO 17-18-19 Maggio (massimo 10 iscritti) e FORMAZIONE TEORICO-PRATICA Domenica 20 Maggio (aperta a tutti gli interessati), nella fattoria WWOOFItalia Podere Veranello a Scansano GR, in Maremma, a cura del Gruppo di Lavoro Custodia dell\u2019Ecologia dei Terreni di WWOOFItalia.<\/p>\n","protected":false},"author":3,"featured_media":3264,"comment_status":"open","ping_status":"closed","sticky":false,"template":"","format":"standard","meta":{"_et_pb_use_builder":"","_et_pb_old_content":"","_et_gb_content_width":"","wds_primary_category":0,"footnotes":""},"categories":[1359],"tags":[957,927,928,504,664,479],"class_list":["post-1248","post","type-post","status-publish","format-standard","has-post-thumbnail","hentry","category-progetti","tag-agricoltura-di-coproduzione","tag-custodia-dei-terreni","tag-ecologia-dei-terreni","tag-podere-veranello","tag-progetti","tag-scansano"],"_links":{"self":[{"href":"https:\/\/org.wwoof.it\/it\/wp-json\/wp\/v2\/posts\/1248","targetHints":{"allow":["GET"]}}],"collection":[{"href":"https:\/\/org.wwoof.it\/it\/wp-json\/wp\/v2\/posts"}],"about":[{"href":"https:\/\/org.wwoof.it\/it\/wp-json\/wp\/v2\/types\/post"}],"author":[{"embeddable":true,"href":"https:\/\/org.wwoof.it\/it\/wp-json\/wp\/v2\/users\/3"}],"replies":[{"embeddable":true,"href":"https:\/\/org.wwoof.it\/it\/wp-json\/wp\/v2\/comments?post=1248"}],"version-history":[{"count":1,"href":"https:\/\/org.wwoof.it\/it\/wp-json\/wp\/v2\/posts\/1248\/revisions"}],"predecessor-version":[{"id":6539,"href":"https:\/\/org.wwoof.it\/it\/wp-json\/wp\/v2\/posts\/1248\/revisions\/6539"}],"wp:featuredmedia":[{"embeddable":true,"href":"https:\/\/org.wwoof.it\/it\/wp-json\/wp\/v2\/media\/3264"}],"wp:attachment":[{"href":"https:\/\/org.wwoof.it\/it\/wp-json\/wp\/v2\/media?parent=1248"}],"wp:term":[{"taxonomy":"category","embeddable":true,"href":"https:\/\/org.wwoof.it\/it\/wp-json\/wp\/v2\/categories?post=1248"},{"taxonomy":"post_tag","embeddable":true,"href":"https:\/\/org.wwoof.it\/it\/wp-json\/wp\/v2\/tags?post=1248"}],"curies":[{"name":"wp","href":"https:\/\/api.w.org\/{rel}","templated":true}]}}