{"id":1267,"date":"2018-05-07T05:54:35","date_gmt":"2018-05-07T05:54:35","guid":{"rendered":"http:\/\/wwoof.sviluppo.host\/2018\/05\/07\/domenica-20-maggio-dalle-9-a-scansano-gr-accordi-di-custodia-dell-ecologia-dei-terreni\/"},"modified":"2023-10-02T16:20:54","modified_gmt":"2023-10-02T16:20:54","slug":"domenica-20-maggio-dalle-9-a-scansano-gr-accordi-di-custodia-dell-ecologia-dei-terreni","status":"publish","type":"post","link":"https:\/\/org.wwoof.it\/it\/2018\/05\/domenica-20-maggio-dalle-9-a-scansano-gr-accordi-di-custodia-dell-ecologia-dei-terreni\/","title":{"rendered":"Domenica 20 Maggio dalle 9 a Scansano GR- Accordi Di Custodia Dell\u2019Ecologia Dei Terreni"},"content":{"rendered":"<p><img decoding=\"async\" class=\" size-full wp-image-3289\" src=\"https:\/\/org.wwoof.it\/wp-content\/uploads\/2018\/05\/a5f10fbd19f01d5dc9cda9ccb53fcb94.jpg\" alt=\"\" \/><\/p>\n<p>Approfondimento&nbsp; Teorico &#8211; Pratico a cura del Gruppo di Lavoro WWOOFItalia per la Custodia, rivolto a contadini, proprietari o conduttori di terra e persone interessate all\u2019ambiente, anche senza preparazione specifica. Principi e metodi per prendersi cura della dimensione ecologica di un terreno in rapporto alle attivit\u00e0 umane, e rendere la propriet\u00e0 terriera un bene comune naturale, in cui le persone vivono e coltivano, per sussistenza e reddito, come membri di un ecosistema.<\/p>\n<p>  <!--more-->  <\/p>\n<p>&nbsp;<\/p>\n<p><strong>ACCORDI DI CUSTODIA DELL\u2019ECOLOGIA DEI TERRENI<\/strong> Alleanza e co-produzione fra uomo e natura<\/p>\n<h3>DOMENICA 20 Maggio dalle 9 a Scansano GR<\/h3>\n<p>Podere Veranello, fattoria WWOOFItalia, vi accoglieranno Giancarlo ed Elisabeth<\/p>\n<h3>Programma.<\/h3>\n<h3><strong>9-10 Presentazione del Gruppo di Lavoro<\/strong>.<\/h3>\n<p>Cos\u2019\u00e8 una accordo di custodia dell\u2019ecologia del terreno. L\u2019esperienza degli accordi in Catalogna. Un esempio pratico: l\u2019accordo di Veranello<\/p>\n<p><strong>10-10.15<\/strong> Caff\u00e8<\/p>\n<p><strong>10.15-13<\/strong><\/p>\n<p><strong>Attivit\u00e0 con Marina Pischedda e Guido Bernini, biologi naturalisti del gruppo<\/strong>, su interventi di miglioramento ambientale e prassi di gestione eco-funzionale per mantenere e valorizzare la biodiversit\u00e0 di un terreno agricolo: riflessioni sull&#8217; ecologia fluviale e delle zone umide e importanza di questi habitat nel contesto agricolo; la scheda e il metodo di rilevazione per valutare la biodiversit\u00e0 di un&#8217;area e applicazione sul campo; dimostrazione sul torrente del metodo di ricerca di macroinvertebrati per la valutazione della qualit\u00e0 delle acque superficiali<\/p>\n<p><strong>13-14.30<\/strong> pranzo<\/p>\n<p><strong>14.30-16-30<\/strong><\/p>\n<p><strong>La centralit\u00e0 dell\u2019acqua in relazione alle atttvit\u00e0 umane e al cambio climatico<\/strong>. Incontro e discussione con Giulio Conte sul tema Uomo e acqua: un rapporto da ricostruire<\/p>\n<p><strong>16.30-17<\/strong> Caff\u00e8<\/p>\n<p><strong>17-19 Analisi e idee su prospettive agricole ed ecologiche nel territorio scansanese<\/strong><br \/>Giulio Conte (Roma 1963), biologo, consulente ambientale per la gestione delle acque e delle risorse naturali. Cofondatore dell\u2019Istituto Ambiente Italia, responsabile dell\u2019area Risorse Naturali. Con la societ\u00e0 di ingegneria IRIDRA progetta soluzioni per la gestione sostenibile delle acque e degli scarichi idrici. Collaborazioni a progetti internazionali sulla gestione delle acque in Europa e Nordafrica. Membro del Comitato Scientifico Nazionale di Legambiente, ha coordinato campagne sullo stato delle acque interne e costiere (Goletta Verde, Operazione Fiumi). Membro della Commissione Ministeriale che ha elaborato il Dlgs 152\/1999 Tutela delle acque dall\u2019 inquinamento. Co-fondatore del CIRF Centro Italiano per la Riqualificazione Fluviale, e presidente dal 1999 al 2008.<\/p>\n<p><strong>PRIMA DELL&#8217;INCONTRO di APPROFONDIMENTO<\/strong><br \/> DA GIOVEDI&#8217; 17 A SABATO 19 SI PUO&#8217; PARTECIPARE AL CAMPO DI LAVORO NEL PODERE VERANELLO PER INTERVENTI RELATIVI ALLA CUSTODIA. Posti ancora disponibili vedi<a href=\"https:\/\/org.wwoof.it\/2018\/04\/23\/custodia-dell-ecologia-dei-terreni-azioni-per-un-agricoltura-di-co-produzione-fra-uomo-e-natura\/\"> link<\/a><\/p>\n<h3>Aspetti organizzativi<\/h3>\n<p><strong>Indirizzo<\/strong> Giancarlo Bucci. Podere Veranello. Via S.P.Ragnaie, 69. 58054 Scansano GR. Tel 347 8036456. GPS 42.649660182 11.400364637. Via delle Ragnaie inizia dal bivio posto al km 85,900 della Provinciale 159 (Grosseto-Manciano via Scansano). Il podere si trova a 600 metri dal bivio sulla destra.<br \/><strong>Come arrivarci<\/strong> Con mezzi propri: sulla Strada Provinciale 159 Grosseto-Manciano Via delle Ragnaie si dirama verso nord all&#8217;altezza di Pomonte, frazione di Scansano, circa a met\u00e0 strada (14 km) sia da Scansano che da Manciano. Per chi proviene da Scansano, Via delle Ragnaie si trova sulla sinistra poco prima di Pomonte. Con Treno e Bus. Stazione ferroviaria Grosseto. Linea bus Grosseto-Manciano via Scansano, con partenza dal piazzale della stazione di GR e fermata \u201cBivio Ragnaie\u201d sulla Provinciale 159. Per l&#8217;arrivo il gioved\u00ec ultima corsa utile da GR ore 13:30, con arrivo al Bivio Ragnaie ore 14:41. Per la partenza uniche corse dal Bivio luned\u00ec ore 06:29 e 07:46, con arrivi a GR ore 07:40 e 08:43. La domenica non ci sono bus. Per difficolt\u00e0 o variazioni di giorno contattare Giancarlo.<br \/><strong>Costi e iscrizione<\/strong>. Allo scopo di recuperare le spese vive e favorire la conoscenza del progetto, chiediamo un contributo di 25\u20ac. I pasti sono con cibo strettamente locale, stagionale, genuino e naturale. Perch\u00e9 nessuno si senta escluso, chi desidera partecipare ma si sente \u2018frenato\u2019 da cause economiche, lo faccia presente, siamo fiduciosi di trovare un modo che permetta di partecipare comunque. Allo stesso tempo contiamo da chi pu\u00f2 permetterselo in un contributo libero aggiuntivo, non necessariamente finanziario, sia per integrare le spese, che per sostenere in divenire il gruppo di lavoro.<\/p>\n<p><strong>Richiesta l\u2019iscrizione entro Venerd\u00ec 18<\/strong>, presso Giancarlo Bucci giancarlobiologico@gmail.com 347 8036456<\/p>\n","protected":false},"excerpt":{"rendered":"<p>Approfondimento&nbsp; Teorico &#8211; Pratico a cura del Gruppo di Lavoro WWOOFItalia per la Custodia, rivolto a contadini, proprietari o conduttori di terra e persone interessate all\u2019ambiente, anche senza preparazione specifica. Principi e metodi per prendersi cura della dimensione ecologica di un terreno in rapporto alle attivit\u00e0 umane, e rendere la propriet\u00e0 terriera un bene comune [&hellip;]<\/p>\n","protected":false},"author":3,"featured_media":3289,"comment_status":"open","ping_status":"closed","sticky":false,"template":"","format":"standard","meta":{"_et_pb_use_builder":"","_et_pb_old_content":"","_et_gb_content_width":"","wds_primary_category":0,"footnotes":""},"categories":[31,1359],"tags":[957,927,928,504,664,479],"class_list":["post-1267","post","type-post","status-publish","format-standard","has-post-thumbnail","hentry","category-progetti-2","category-progetti","tag-agricoltura-di-coproduzione","tag-custodia-dei-terreni","tag-ecologia-dei-terreni","tag-podere-veranello","tag-progetti","tag-scansano"],"_links":{"self":[{"href":"https:\/\/org.wwoof.it\/it\/wp-json\/wp\/v2\/posts\/1267","targetHints":{"allow":["GET"]}}],"collection":[{"href":"https:\/\/org.wwoof.it\/it\/wp-json\/wp\/v2\/posts"}],"about":[{"href":"https:\/\/org.wwoof.it\/it\/wp-json\/wp\/v2\/types\/post"}],"author":[{"embeddable":true,"href":"https:\/\/org.wwoof.it\/it\/wp-json\/wp\/v2\/users\/3"}],"replies":[{"embeddable":true,"href":"https:\/\/org.wwoof.it\/it\/wp-json\/wp\/v2\/comments?post=1267"}],"version-history":[{"count":1,"href":"https:\/\/org.wwoof.it\/it\/wp-json\/wp\/v2\/posts\/1267\/revisions"}],"predecessor-version":[{"id":3880,"href":"https:\/\/org.wwoof.it\/it\/wp-json\/wp\/v2\/posts\/1267\/revisions\/3880"}],"wp:featuredmedia":[{"embeddable":true,"href":"https:\/\/org.wwoof.it\/it\/wp-json\/wp\/v2\/media\/3289"}],"wp:attachment":[{"href":"https:\/\/org.wwoof.it\/it\/wp-json\/wp\/v2\/media?parent=1267"}],"wp:term":[{"taxonomy":"category","embeddable":true,"href":"https:\/\/org.wwoof.it\/it\/wp-json\/wp\/v2\/categories?post=1267"},{"taxonomy":"post_tag","embeddable":true,"href":"https:\/\/org.wwoof.it\/it\/wp-json\/wp\/v2\/tags?post=1267"}],"curies":[{"name":"wp","href":"https:\/\/api.w.org\/{rel}","templated":true}]}}