{"id":1272,"date":"2018-06-02T17:10:03","date_gmt":"2018-06-02T17:10:03","guid":{"rendered":"http:\/\/wwoof.sviluppo.host\/2018\/06\/02\/viewwoof-marche-2018-dal-27-giugno-al-2-luglio\/"},"modified":"2023-10-02T16:20:54","modified_gmt":"2023-10-02T16:20:54","slug":"viewwoof-marche-2018-dal-27-giugno-al-2-luglio","status":"publish","type":"post","link":"https:\/\/org.wwoof.it\/it\/2018\/06\/viewwoof-marche-2018-dal-27-giugno-al-2-luglio\/","title":{"rendered":"VieWwoof Marche 2018 Dal 27 giugno al 2 luglio"},"content":{"rendered":"<p><img decoding=\"async\" class=\" size-full wp-image-3311\" src=\"https:\/\/org.wwoof.it\/wp-content\/uploads\/2018\/06\/140b010967f6cad065f658f2e2e7cc8d.jpg\" alt=\"\" \/><\/p>\n<h3>Sei giorni di cammino nelle Marche<\/h3>\n<p>per collegare fattorie Wwoof e piccoli paesi, creando un nuovo itinerario: <strong>VieWwoof Marche 2018<\/strong>. L\u2019iniziativa fa parte del progetto <a href=\"http:\/\/www.ammappalitalia.it\/viewwoof\/\">VieWwoof<\/a>,&nbsp; che dal 2014 ad oggi, ha mappato ben 122 percorsi che collegano 98 fattorie in buona parte d\u2019Italia.<br \/>Il tragitto sar\u00e0 percorso da<strong> Marco Saverio Loperfido<\/strong>, <strong>Giorgio Albiero<\/strong> e da tutti quelli che vorranno far parte del gruppo che si sta costituendo, sia camminando sia partecipando ad incontri e seminari<\/p>\n<p>  <!--more-->  <\/p>\n<div><a href=\"https:\/\/it.ulule.com\/ammappalitalia-2018\/\"><img decoding=\"async\" class=\" size-full wp-image-3312\" src=\"https:\/\/org.wwoof.it\/wp-content\/uploads\/2018\/06\/sostienieammappa.jpg\" alt=\"sostienieammappa\" width=\"100%\" height=\"NaN\" \/><\/a><\/div>\n<h3>Obiettivo dell\u2019iniziativa<\/h3>\n<p>unire le fattorie che si incontrano lungo il cammino, <strong>dalle campagne di Urbino alla citt\u00e0 di Gubbio<\/strong>, ricollegandosi alle mappature che <strong>Marco Saverio Loperfido, Marina Vincenti e il cane Bricco<\/strong> hanno effettuato nel 2017, nell\u2019ambito del <strong>viaggio da Chia a Bruxelles<\/strong> per il progetto <a href=\"http:\/\/www.ammappalitalia.it\/un-viaggio-a-piedi-da-chia-a-bruxelles-paese-europa\/\">Paese Europa<\/a>&nbsp;<\/p>\n<h3>Tutte le attivit\u00e0 hanno posti limitati<\/h3>\n<p>vanno prenotate telefonando allo <strong>3396914141 Marco<\/strong> o <strong>3406636299 Giorgio<\/strong>. Per partecipare \u00e8 necessario <strong>dotarsi di abbigliamento consono alla stagione<\/strong>, anche con <strong>pantaloni lunghi<\/strong> e <strong>una riserva d\u2019acqua di almeno 1.5 litri.<\/strong><\/p>\n<h3>Programma<\/h3>\n<p><strong>Mercoled\u00ec 27 giugno<\/strong> \u2013 Primo incontro e spiegazione delle attivit\u00e0<br \/>Arrivo alla Fattoria Wwoof Cal Bianchino per le 17 (Lat,Lon: 43.742437,12.597263), tavola rotonda dedicata alle attivit\u00e0 dei giorni a seguire. Cena e serata parlando di cammini e mappature.<br \/>Cena ore 20, costo 20 euro (Prevalentemente carne, vegetariani e vegani sono pregati di avvertire). Non \u00e8 possibile rimanere a dormire.<\/p>\n<p><strong>Gioved\u00ec 28 giugno<\/strong> \u2013 Da Cal Bianchino a Calmancino passando per Urbino, con mappatura.<br \/>Partenza ore 9 da Cal Bianchino (Lat,Lon: 43.742437,12.597263) per la fattoria Wwoof Calmancino (Lat,Lon: 43.676501,12.602263), passando per la citt\u00e0 di Urbino (19 km circa, difficolt\u00e0 Escursionistica). Arrivo ore 15 circa. Escursione aperta a massimo 15 persone, che dovranno provvedere autonomamente al pranzo al sacco e al proprio eventuale ritorno al punto di partenza. Non \u00e8 infatti possibile rimanere a dormire.<\/p>\n<p><strong>Venerd\u00ec 29 giugno<\/strong> \u2013 Da Calmancino alla Slowcanda di Bacciardi, con mappatura<br \/>Partenza ore 9 da Calmancino (Lat,Lon: 43.676501,12.602263) e arrivo alla Slowcanda di Bacciardi (Lat,Lon: 43.573155,12.548801) alle ore 15 circa (27 km circa, difficolt\u00e0 Escursionistica). Escursione aperta a massimo 15 persone, che dovranno provvedere autonomamente al pranzo al sacco e al proprio eventuale ritorno al punto di partenza. Ore 18 incontro e seminario sulle tecniche di mappatura (aperto al pubblico). Cena ore 20, 20 euro a persona. E\u2019 possibile rimanere a dormire, in sacco a pelo o in stanze. 15 euro con sacco a pelo e 25 euro in appartamento da 6 con prima colazione e lenzuola. Matrimoniale 70 tripla 90.<\/p>\n<p><strong>Sabato 30 giungo<\/strong> \u2013 Dalla Slowcanda a Ca&#8217; Tecchie, con mappatura<br \/>Partenza alle 9 dalla Slowcanda (Lat,Lon: 43.573155,12.548801) ed escursione per Ca&#8217; Tecchie (Lat,Lon: 43.475034,12.565956) con arrivo alle 16 circa (22 km circa, difficolt\u00e0 Escursionistica). Escursione aperta a massimo 15 persone, che dovranno provvedere autonomamente al pranzo al sacco. Per il ritorno al punto di partenza \u00e8 possibile avere un passaggio in auto il mattino seguente. Ore 18 discussione aperta sui cammini, condivisione di idee e progetti, sul prato. Ore 20 cena e a seguire libera discussione attorno al fuoco. Costo cena 5 euro. Possibilit\u00e0 di rimanere gratuitamente in tenda o all&#8217;interno del rifugio C\u00e0 Tecchie. Non ci sono letti ne bagni.<\/p>\n<p><strong>Domenica 1 luglio<\/strong> \u2013 Da Ca&#8217; Tecchie ad Agriturismo Foglie<br \/>Partenza ore 9 da Ca\u2019 Tecchie (Lat,Lon: 43.475034,12.565956) per l\u2019Agriturismo Foglie (Lat,Lon: 43.427804,12.599623), con mappatura (15 km circa, difficolt\u00e0 Escursionistica). Escursione aperta a massimo 15 persone, che dovranno provvedere autonomamente al pranzo al sacco e al proprio eventuale ritorno al punto di partenza. Nessuna attivit\u00e0 prevista all\u2019arrivo. Per chi volesse rimanere a cena o a dormire si consiglia di prenotare direttamente all\u2019Agriturismo (www.agriturismofoglie.com\/ ). 13 posti letto disponibili, suddivisi in 4 camere (30 euro a persona con colazione + 15 euro per la cena).<\/p>\n<p><strong>Luned\u00ec 2 luglio<\/strong> \u2013 Da Agriturismo Foglie a Gubbio<br \/>Partenza ore 9 dall\u2019Agriturismo Foglie (Lat,Lon: 43.427804,12.599623) e arrivo a Gubbio per le 16 circa (20 km circa, difficolt\u00e0 Escursionistica). Escursione aperta a massimo 15 persone, che dovranno provvedere autonomamente al pranzo al sacco e al proprio eventuale ritorno al punto di partenza. Condivisione finale e saluti tra i partecipanti.<\/p>\n<h3>Nota Bene<\/h3>\n<p><span style=\"text-decoration: underline;\">Quanto prima verranno date indicazioni sulle soluzioni che permettano di ovviare alle difficolt\u00e0 di pernottamento in alcune tappe<\/span><\/p>\n<h3>Info e prenotazioni<\/h3>\n<p><span style=\"text-decoration: underline;\">E\u2019 importante e obbligatorio chiamare i seguenti numeri per partecipare a qualsiasi attivit\u00e0<\/span>, sia questa un\u2019escursione, una cena o un semplice incontro: <strong>3396914141 Marco<\/strong>; <strong>3406636299 Giorgio<\/strong>.<\/p>\n<h3>VIEWWOOF E AMMAPPALITALIA<\/h3>\n<p>Le escursioni in programma rientrano nel progetto <a href=\"https:\/\/www.ammappalitalia.it\/il-progetto\">Ammappalitalia<\/a>. . Gli itinerari proposti, in questo come in altri casi, vengono percorsi per la prima volta anche dal capogruppo, conduttore dell\u2019escursione.<br \/>Per le camminate di questo progetto il capogruppo sar\u00e0 Marco Loperfido, guida ambientale escursionistica professionista iscritto all\u2019AIGAE, Associazione Italiana Guide Ambientali Escursionistiche, ai sensi della L. 4\/2013, accompagnato da Giorgio Albiero il quale ha mappato la <a href=\"https:\/\/www.ammappalitalia.it\/itinerari\/la-prima-dorsale-viewwwof\/\">&#8220;Prima dorsale VieWwoof&#8221;<\/a>&nbsp; nel 2015.<\/p>\n<p>L\u2019occasione sar\u00e0 ghiotta: si tratter\u00e0 di collaborare nell\u2019apertura di nuovi percorsi. Si imparer\u00e0 quindi non solo a mappare ma anche a scoprire il territorio, affrontando forse qualche disagio in pi\u00f9 rispetto alla percorrenza di un sentiero gi\u00e0 mappato ma acquisendo in cambio una maggiore indipendenza nell\u2019affrontare un viaggio e la consapevolezza che talvolta occorre tornare sui propri passi per trovare il giusto passaggio.<\/p>\n<p>Ogni escursione infatti \u00e8 un piccolo grande viaggio di scoperta e di racconto del territorio italiano, anche dei suoi aspetti meno belli e funzionali. Ogni escursione \u00e8 un\u2019occasione di socializzazione, tra i partecipanti del gruppo e tra il gruppo e le comunit\u00e0 locali incontrate.<\/p>\n<p>Come ogni viaggio, pertanto, ai partecipanti si richiede un certo spirito di adattamento. Per partecipare, \u00e8 necessario prenotarsi secondo quanto di volta in volta indicato, per evitare di creare gruppi troppo numerosi, il cui coordinamento potrebbe complicare non di poco la buona e piacevole riuscita dell\u2019escursione stessa. Grazie per la collaborazione!<\/p>\n","protected":false},"excerpt":{"rendered":"<p>Sei giorni di cammino nelle Marche per collegare fattorie Wwoof e piccoli paesi, creando un nuovo itinerario: VieWwoof Marche 2018. L\u2019iniziativa fa parte del progetto VieWwoof,&nbsp; che dal 2014 ad oggi, ha mappato ben 122 percorsi che collegano 98 fattorie in buona parte d\u2019Italia.Il tragitto sar\u00e0 percorso da Marco Saverio Loperfido, Giorgio Albiero e da [&hellip;]<\/p>\n","protected":false},"author":3,"featured_media":3311,"comment_status":"open","ping_status":"closed","sticky":false,"template":"","format":"standard","meta":{"_et_pb_use_builder":"","_et_pb_old_content":"","_et_gb_content_width":"","wds_primary_category":0,"footnotes":""},"categories":[1359],"tags":[476,49,664,480],"class_list":["post-1272","post","type-post","status-publish","format-standard","has-post-thumbnail","hentry","category-progetti","tag-ammappalitalia","tag-marche","tag-progetti","tag-viewwoof"],"_links":{"self":[{"href":"https:\/\/org.wwoof.it\/it\/wp-json\/wp\/v2\/posts\/1272","targetHints":{"allow":["GET"]}}],"collection":[{"href":"https:\/\/org.wwoof.it\/it\/wp-json\/wp\/v2\/posts"}],"about":[{"href":"https:\/\/org.wwoof.it\/it\/wp-json\/wp\/v2\/types\/post"}],"author":[{"embeddable":true,"href":"https:\/\/org.wwoof.it\/it\/wp-json\/wp\/v2\/users\/3"}],"replies":[{"embeddable":true,"href":"https:\/\/org.wwoof.it\/it\/wp-json\/wp\/v2\/comments?post=1272"}],"version-history":[{"count":1,"href":"https:\/\/org.wwoof.it\/it\/wp-json\/wp\/v2\/posts\/1272\/revisions"}],"predecessor-version":[{"id":6538,"href":"https:\/\/org.wwoof.it\/it\/wp-json\/wp\/v2\/posts\/1272\/revisions\/6538"}],"wp:featuredmedia":[{"embeddable":true,"href":"https:\/\/org.wwoof.it\/it\/wp-json\/wp\/v2\/media\/3311"}],"wp:attachment":[{"href":"https:\/\/org.wwoof.it\/it\/wp-json\/wp\/v2\/media?parent=1272"}],"wp:term":[{"taxonomy":"category","embeddable":true,"href":"https:\/\/org.wwoof.it\/it\/wp-json\/wp\/v2\/categories?post=1272"},{"taxonomy":"post_tag","embeddable":true,"href":"https:\/\/org.wwoof.it\/it\/wp-json\/wp\/v2\/tags?post=1272"}],"curies":[{"name":"wp","href":"https:\/\/api.w.org\/{rel}","templated":true}]}}