{"id":13799,"date":"2023-05-14T14:55:58","date_gmt":"2023-05-14T14:55:58","guid":{"rendered":"https:\/\/org.wwoof.it\/?p=13799"},"modified":"2023-10-02T16:20:52","modified_gmt":"2023-10-02T16:20:52","slug":"pergola-la-festa-dellorto-e-del-mais","status":"publish","type":"post","link":"https:\/\/org.wwoof.it\/it\/2023\/05\/pergola-la-festa-dellorto-e-del-mais\/","title":{"rendered":"Pergola: la festa dell&#8217;orto e del mais"},"content":{"rendered":"\n<h2 class=\"wp-block-heading\">La prima distribuzione agli agricoltori della semente custodita dalla scuola<\/h2>\n\n\n\n<p>Si avvicina il 6 Giugno e all&#8217;Istituto Comprensivo Binotti l&#8217;attesa si fa sentire: abbiamo documentato negli anni la crescita del progetto educativo e di sensibilizzazione sulla coltivazione biologica.  La stima e l&#8217;amicizia verso i coordinatori del progetto ci ha consentito di seguire il lavoro degli alunni e di testimoniarne l&#8217;unicit\u00e0 fino al <a rel=\"noreferrer noopener\" href=\"https:\/\/org.wwoof.it\/it\/2022\/04\/lorto-scolastico-di-pergola\/\" target=\"_blank\">passaggio alla maturit\u00e0 <\/a>dell&#8217;Orto Scolastico verso una pi\u00f9 concreta relazione con l&#8217;economia rurale del territorio.<\/p>\n\n\n\n<h2 class=\"wp-block-heading\">Dal seme al seme<\/h2>\n\n\n\n<p>Semi di consapevolezza sono stati fecondati negli anni, dal piccolo campo alla tavola della mensa. Le menti dei bambini e degli insegnanti si sono arricchite grazie ai benefici influssi del lavoro manuale, guida allo sviluppo di competenze culturali che diventano patrimonio della comunit\u00e0 nel giorno della festa di fine anno scolastico. La farina di mais offerta alle famiglie \u00e8 stata per tradizione simbolo del grande lavoro: una intera filiera dal seme alla tavola chiusa all&#8217;interno di un plesso scolastico. I semi hanno testimoniato il passaggio di consegne fra generazioni di alunni che da un anno all&#8217;altro hanno celebrato una piccola cerimonia di investitura ai pi\u00f9 piccoli: si riceve la semente come stimolo alla consapevolezza ed alle opportunit\u00e0 di crescita.<\/p>\n\n\n\n<h2 class=\"wp-block-heading\">Dal seme al campo<\/h2>\n\n\n\n<p>La festa del 6 giugno 2023 testimonier\u00e0 l&#8217;ulteriore evoluzione del progetto: gli allievi della Scuola di Pergola sono ormai ufficialmente <a rel=\"noreferrer noopener\" href=\"https:\/\/portalecustodibiodiversita.it\/\" target=\"_blank\">Agricoltori Custodi della Regione Marche<\/a> e, per la prima volta quest&#8217;anno, consegneranno la semente della variet\u00e0 di mais che custodiscono nelle mani degli agricoltori che si faranno carico della coltivazione in pieno campo.<\/p>\n\n\n\n<p>E&#8217; la concretizzazione dei propositi sviluppati nel tempo<em>: &#8220;coinvolgere la societ\u00e0 in un percorso di economia circolare costruendo aggregazione intorno a prodotti autoctoni e azioni sostenibili.<\/em>\u201c Il 6 giugno il passaggio della semente vorr\u00e0 essere di stimolo perch\u00e9 gli agricoltori e la societ\u00e0 civile del comprensorio prenda atto della necessit\u00e0 ed urgenza della transizione verso nuove pratiche di produzione e consumo di cibo e non solo.<\/p>\n\n\n\n<p>WWOOF Italia sostiene il progetto dell&#8217;Orto Scolastico: tutti i Soci e gli amici sono invitati a partecipare alla festa! <\/p>\n\n\n\n<div style=\"height:43px\" aria-hidden=\"true\" class=\"wp-block-spacer\"><\/div>\n\n\n\n<figure class=\"wp-block-image size-large\"><img loading=\"lazy\" decoding=\"async\" width=\"768\" height=\"1024\" src=\"https:\/\/org.wwoof.it\/wp-content\/uploads\/2023\/05\/pannocchie-pergola-768x1024.jpeg\" alt=\"\" class=\"wp-image-13831\"\/><\/figure>\n\n\n\n<div style=\"height:43px\" aria-hidden=\"true\" class=\"wp-block-spacer\"><\/div>\n\n\n\n<div data-wp-interactive=\"core\/file\" class=\"wp-block-file\"><object data-wp-bind--hidden=\"!state.hasPdfPreview\" hidden class=\"wp-block-file__embed\" data=\"https:\/\/org.wwoof.it\/wp-content\/uploads\/2023\/05\/timbro_Festa-dellOrto-Biologico.-INVITO.-signed.pdf\" type=\"application\/pdf\" style=\"width:100%;height:600px\" aria-label=\"Incorporamento di timbro_Festa-dellOrto-Biologico.-INVITO.-signed.\"><\/object><a id=\"wp-block-file--media-8ab1f5d9-e76d-446d-9f4e-4aac4fe0feb5\" href=\"https:\/\/org.wwoof.it\/wp-content\/uploads\/2023\/05\/timbro_Festa-dellOrto-Biologico.-INVITO.-signed.pdf\">timbro_Festa-dellOrto-Biologico.-INVITO.-signed<\/a><a href=\"https:\/\/org.wwoof.it\/wp-content\/uploads\/2023\/05\/timbro_Festa-dellOrto-Biologico.-INVITO.-signed.pdf\" class=\"wp-block-file__button wp-element-button\" download aria-describedby=\"wp-block-file--media-8ab1f5d9-e76d-446d-9f4e-4aac4fe0feb5\">Scarica l&#8217;invito<\/a><\/div>\n","protected":false},"excerpt":{"rendered":"<p>La festa del 6 giugno 2023 testimonier\u00e0 l&#8217;ulteriore evoluzione del progetto: gli allievi della Scuola di Pergola sono ormai ufficialmente Agricoltori Custodi della Regione Marche e, per la prima volta quest&#8217;anno, consegneranno la semente della variet\u00e0 di mais che custodiscono nelle mani degli agricoltori che si faranno carico della coltivazione in pieno campo.<\/p>\n","protected":false},"author":3,"featured_media":13828,"comment_status":"open","ping_status":"closed","sticky":false,"template":"","format":"standard","meta":{"_et_pb_use_builder":"off","_et_pb_old_content":"","_et_gb_content_width":"","wds_primary_category":1359,"footnotes":""},"categories":[1359,1356,1354],"tags":[3121,1062,550,664,3110,820],"class_list":["post-13799","post","type-post","status-publish","format-standard","has-post-thumbnail","hentry","category-progetti","category-sul-territorio","category-vita-associativa","tag-custodia-sementi","tag-orto-scolastico","tag-pergola","tag-progetti","tag-riproduzione-semi","tag-sostenibilita"],"_links":{"self":[{"href":"https:\/\/org.wwoof.it\/it\/wp-json\/wp\/v2\/posts\/13799","targetHints":{"allow":["GET"]}}],"collection":[{"href":"https:\/\/org.wwoof.it\/it\/wp-json\/wp\/v2\/posts"}],"about":[{"href":"https:\/\/org.wwoof.it\/it\/wp-json\/wp\/v2\/types\/post"}],"author":[{"embeddable":true,"href":"https:\/\/org.wwoof.it\/it\/wp-json\/wp\/v2\/users\/3"}],"replies":[{"embeddable":true,"href":"https:\/\/org.wwoof.it\/it\/wp-json\/wp\/v2\/comments?post=13799"}],"version-history":[{"count":11,"href":"https:\/\/org.wwoof.it\/it\/wp-json\/wp\/v2\/posts\/13799\/revisions"}],"predecessor-version":[{"id":14011,"href":"https:\/\/org.wwoof.it\/it\/wp-json\/wp\/v2\/posts\/13799\/revisions\/14011"}],"wp:featuredmedia":[{"embeddable":true,"href":"https:\/\/org.wwoof.it\/it\/wp-json\/wp\/v2\/media\/13828"}],"wp:attachment":[{"href":"https:\/\/org.wwoof.it\/it\/wp-json\/wp\/v2\/media?parent=13799"}],"wp:term":[{"taxonomy":"category","embeddable":true,"href":"https:\/\/org.wwoof.it\/it\/wp-json\/wp\/v2\/categories?post=13799"},{"taxonomy":"post_tag","embeddable":true,"href":"https:\/\/org.wwoof.it\/it\/wp-json\/wp\/v2\/tags?post=13799"}],"curies":[{"name":"wp","href":"https:\/\/api.w.org\/{rel}","templated":true}]}}