{"id":1439,"date":"2019-08-19T16:04:56","date_gmt":"2019-08-19T16:04:56","guid":{"rendered":"http:\/\/wwoof.sviluppo.host\/2019\/08\/19\/amaltea\/"},"modified":"2022-03-04T11:44:21","modified_gmt":"2022-03-04T11:44:21","slug":"amaltea","status":"publish","type":"post","link":"https:\/\/org.wwoof.it\/it\/2019\/08\/amaltea\/","title":{"rendered":"R\u00e0rica,una pedana in natura."},"content":{"rendered":"<p>Cari amici lontani e vicini alcuni di voi ci hanno seguito fin dall\u2019inizio e altri meno ed ora siamo qui per comunicarvi che siamo finalmente partite con il crowdfunding per realizzare il nostro progetto:<\/p>\n<p>Per chi non ne sa ancora nulla, stiamo lavorando per la realizzazione di una pedana in legno di 70 m2 in natura.<\/p>\n<p>Dove? A Chianni, all\u2019interno dell\u2019 Azienda agricola amaltea, in collina in provincia di Pisa.<\/p>\n<p>Perch\u00e9?<\/p>\n<p>Perch\u00e9 diventi un luogo di cultura in natura.<\/p>\n<p>Per accogliere seminari sulle arti del movimento sull\u2019espressione vocale<\/p>\n<p>Per ospitare concerti, spettacoli, gruppi di bambini, adulti, adolescenti<\/p>\n<p>Quando?<\/p>\n<p>Stiamo gi\u00e0 organizzando i primi eventi questa estate per diffondere la voce e far conoscere il luogo.<\/p>\n<p>Il Crowdfunding si concluder\u00e0 i primi di febbraio, in primavera la pedana verr\u00e0 costruita e nell\u2019estate del 2020 la pedana ospiter\u00e0 la prima stagione.<\/p>\n<p>Come?<\/p>\n<p>Collaborando con chi gi\u00e0 sul territorio si occupa di arte ed ecologia;<\/p>\n<p>Creando una rete di ospitalit\u00e0 diffusa per poter accogliere gruppi numerosi e per poter collaborare con chi abita questi luoghi.<\/p>\n<p>Organizzando una programmazione culturale<\/p>\n<p>Rimanendo aperte alle vostre proposte di attivit\u00e0 che non abbiamo ancora pensato.<\/p>\n<p>Come contribuire?<\/p>\n<p>Sicuramente diffondendo il pi\u00f9 possibile questo link, perch\u00e9 il valore di ciascuno ha il potere di far realizzare i sogni quando si \u00e8 in tanti.<\/p>\n<p><a href=\"https:\/\/www.produzionidalbasso.com\/project\/rarica-una-pedana-in-natura\/\">crowdfunding R\u00e0rica<\/a><\/p>\n<p>Donando anche una piccola quota seguendo le istruzioni che ci sono nel link del crowdfunding<\/p>\n<p>Proponendoci delle attivit\u00e0 da inserire nella prima stagione di R\u00e0rica<\/p>\n<p>Prendetevi 3 minuti per visitare la <a href=\"https:\/\/www.produzionidalbasso.com\/project\/rarica-una-pedana-in-natura\/\">pagina del crowdfunding <\/a>dove vi spiegheremo meglio chi siamo e cosa vorremo realizzare!!<\/p>\n<p>Prossimamente costituiremo una newsletter , se desiderate farne parte, fatecelo sapere.<\/p>\n<div class=\"k2_video\">\n<div class=\"k2_video_caption\">R\u00e0rica \/ crowd funding per una pedana in natura<\/div>\n<p><iframe title=\"R\u00e0rica \/ crowd funding per una pedana in natura\" width=\"1080\" height=\"608\" data-src=\"https:\/\/www.youtube.com\/embed\/up_qI9uzm7Q?feature=oembed\"  allow=\"accelerometer; autoplay; clipboard-write; encrypted-media; gyroscope; picture-in-picture\" allowfullscreen src=\"data:image\/svg+xml;base64,PHN2ZyB3aWR0aD0iMSIgaGVpZ2h0PSIxIiB4bWxucz0iaHR0cDovL3d3dy53My5vcmcvMjAwMC9zdmciPjwvc3ZnPg==\" class=\"lazyload\" data-load-mode=\"0\"><\/iframe><\/p>\n<\/div>\n","protected":false},"excerpt":{"rendered":"<p>Cari amici lontani e vicini alcuni di voi ci hanno seguito fin dall\u2019inizio e altri meno ed ora siamo qui per comunicarvi che siamo finalmente partite con il crowdfunding per realizzare il nostro progetto: Per chi non ne sa ancora nulla, stiamo lavorando per la realizzazione di una pedana in legno di 70 m2 in [&hellip;]<\/p>\n","protected":false},"author":3,"featured_media":3486,"comment_status":"open","ping_status":"closed","sticky":false,"template":"","format":"standard","meta":{"_et_pb_use_builder":"","_et_pb_old_content":"","_et_gb_content_width":"","wds_primary_category":0,"footnotes":""},"categories":[1478],"tags":[1226,1225,1224,511,1227],"class_list":["post-1439","post","type-post","status-publish","format-standard","has-post-thumbnail","hentry","category-i-nostri-soci","tag-amaltea","tag-chianni","tag-pedana-in-natura","tag-produzioni-dal-basso","tag-rarica"],"_links":{"self":[{"href":"https:\/\/org.wwoof.it\/it\/wp-json\/wp\/v2\/posts\/1439","targetHints":{"allow":["GET"]}}],"collection":[{"href":"https:\/\/org.wwoof.it\/it\/wp-json\/wp\/v2\/posts"}],"about":[{"href":"https:\/\/org.wwoof.it\/it\/wp-json\/wp\/v2\/types\/post"}],"author":[{"embeddable":true,"href":"https:\/\/org.wwoof.it\/it\/wp-json\/wp\/v2\/users\/3"}],"replies":[{"embeddable":true,"href":"https:\/\/org.wwoof.it\/it\/wp-json\/wp\/v2\/comments?post=1439"}],"version-history":[{"count":1,"href":"https:\/\/org.wwoof.it\/it\/wp-json\/wp\/v2\/posts\/1439\/revisions"}],"predecessor-version":[{"id":7687,"href":"https:\/\/org.wwoof.it\/it\/wp-json\/wp\/v2\/posts\/1439\/revisions\/7687"}],"wp:featuredmedia":[{"embeddable":true,"href":"https:\/\/org.wwoof.it\/it\/wp-json\/wp\/v2\/media\/3486"}],"wp:attachment":[{"href":"https:\/\/org.wwoof.it\/it\/wp-json\/wp\/v2\/media?parent=1439"}],"wp:term":[{"taxonomy":"category","embeddable":true,"href":"https:\/\/org.wwoof.it\/it\/wp-json\/wp\/v2\/categories?post=1439"},{"taxonomy":"post_tag","embeddable":true,"href":"https:\/\/org.wwoof.it\/it\/wp-json\/wp\/v2\/tags?post=1439"}],"curies":[{"name":"wp","href":"https:\/\/api.w.org\/{rel}","templated":true}]}}