{"id":15577,"date":"2023-10-28T04:52:33","date_gmt":"2023-10-28T04:52:33","guid":{"rendered":"https:\/\/org.wwoof.it\/?p=15577"},"modified":"2023-10-30T15:09:30","modified_gmt":"2023-10-30T15:09:30","slug":"rassecale-il-racconto","status":"publish","type":"post","link":"https:\/\/org.wwoof.it\/it\/2023\/10\/rassecale-il-racconto\/","title":{"rendered":"Rassecale, il racconto"},"content":{"rendered":"\n<h2 class=\"wp-block-heading\">Incontro autunnale di coordinamento 2023<\/h2>\n\n\n\n<div style=\"height:43px\" aria-hidden=\"true\" class=\"wp-block-spacer\"><\/div>\n\n\n\n<p>Ha fatto un migliaio di chilometri, l&#8217;incontro di coordinamento di WWOOF Italia. Dopo esserci trovati lo scorso autunno ai piedi delle Alpi, quest&#8217;anno ci ha accolti dal 5 all\u20198 ottobre la Campania, confermando la natura itinerante di questi incontri. E\u2019 il nostro modo di stare vicini ai territori, e di toccare con mano la grande variet\u00e0 e complessit\u00e0 dei nostri soci: che \u00e8 anche, va da s\u00e9, la nostra ricchezza. Al Rassecale (Mirabella Eclano, AV) ci ha accolti una comunit\u00e0 giovane, ora in fase di ristrutturazione ma con ancora tanti progetti da realizzare: Marco e Pauline portano avanti il loro meraviglioso orto, Marina si \u00e8 trasferita dalla Spagna a dare una mano con gli animali. Arrivata qui come WWOOFer, \u00e8 la testimonianza di quanto possa essere incisiva sulla pratica agricola e sulle traiettorie della vita la nostra associazione.<\/p>\n\n\n\n<div style=\"height:43px\" aria-hidden=\"true\" class=\"wp-block-spacer\"><\/div>\n\n\n\n<figure class=\"wp-block-gallery has-nested-images columns-default is-cropped wp-block-gallery-1 is-layout-flex wp-block-gallery-is-layout-flex\">\n<figure class=\"wp-block-image size-large\"><img loading=\"lazy\" decoding=\"async\" width=\"766\" height=\"1024\" data-id=\"15688\" src=\"https:\/\/org.wwoof.it\/wp-content\/uploads\/2023\/10\/1697632713973-766x1024.jpg\" alt=\"\" class=\"wp-image-15688\"\/><\/figure>\n\n\n\n<figure class=\"wp-block-image size-large\"><img loading=\"lazy\" decoding=\"async\" width=\"1024\" height=\"766\" data-id=\"15684\" src=\"https:\/\/org.wwoof.it\/wp-content\/uploads\/2023\/10\/1697632714179-1024x766.jpg\" alt=\"\" class=\"wp-image-15684\" srcset=\"https:\/\/org.wwoof.it\/wp-content\/uploads\/2023\/10\/1697632714179-980x733.jpg 980w, https:\/\/org.wwoof.it\/wp-content\/uploads\/2023\/10\/1697632714179-480x359.jpg 480w\" sizes=\"(min-width: 0px) and (max-width: 480px) 480px, (min-width: 481px) and (max-width: 980px) 980px, (min-width: 981px) 1024px, 100vw\" \/><\/figure>\n\n\n\n<figure class=\"wp-block-image size-large\"><img loading=\"lazy\" decoding=\"async\" width=\"1024\" height=\"766\" data-id=\"15686\" src=\"https:\/\/org.wwoof.it\/wp-content\/uploads\/2023\/10\/1697632714071-1024x766.jpg\" alt=\"\" class=\"wp-image-15686\" srcset=\"https:\/\/org.wwoof.it\/wp-content\/uploads\/2023\/10\/1697632714071-980x733.jpg 980w, https:\/\/org.wwoof.it\/wp-content\/uploads\/2023\/10\/1697632714071-480x359.jpg 480w\" sizes=\"(min-width: 0px) and (max-width: 480px) 480px, (min-width: 481px) and (max-width: 980px) 980px, (min-width: 981px) 1024px, 100vw\" \/><\/figure>\n<\/figure>\n\n\n\n<div style=\"height:43px\" aria-hidden=\"true\" class=\"wp-block-spacer\"><\/div>\n\n\n\n<h2 class=\"wp-block-heading\">Il venerd\u00ec: la parola ai soci<\/h2>\n\n\n\n<p>L\u2019incontro era come sempre aperto a tutti i soci, con particolare attenzione a chi avesse possibilit\u00e0 di impegnarsi un po\u2019 di pi\u00f9 nell\u2019associazione: ai coordinatori in particolare, dunque, ma pi\u00f9 in generale a chiunque volesse avere un ruolo pi\u00f9 attivo. Sono passati a Rassecale una trentina di soci, in linea coi numeri degli incontri autunnali: a uno zoccolo duro di soci che partecipano con regolarit\u00e0&nbsp; e che ormai sono amici se ne sono aggiunti di altri curiosi di andare pi\u00f9 a fondo nelle meccaniche associative. Dal mondo l\u00e0 fuori sono entrate nel cerchio sotto al noce le preoccupazioni per un mondo che cambia: dalle emergenze climatiche che hanno devastato alcuni territori e che impongono una riflessione su come WWOOF possa stare stare vicino a chi ne viene colpito, all\u2019approccio meno attento e partecipato di vari viaggiatori. C\u2019\u00e8 stato spazio per tutti per raccontarsi, portare il proprio contributo e dare suggerimenti, dal come essere incisivi con un\u2019azione pi\u00f9 \u201cpolitica\u201d alla necessit\u00e0 di migliorare la comunicazione e l\u2019interazione tra i soci. C\u2019\u00e8 da lavorare, insomma, ma per i contadini il lavoro \u00e8 uno stimolo.<\/p>\n\n\n\n<div style=\"height:44px\" aria-hidden=\"true\" class=\"wp-block-spacer\"><\/div>\n\n\n\n<figure class=\"wp-block-gallery has-nested-images columns-default is-cropped wp-block-gallery-2 is-layout-flex wp-block-gallery-is-layout-flex\">\n<figure class=\"wp-block-image size-large\"><img loading=\"lazy\" decoding=\"async\" width=\"1024\" height=\"766\" data-id=\"15704\" src=\"https:\/\/org.wwoof.it\/wp-content\/uploads\/2023\/10\/1697632713457-1024x766.jpg\" alt=\"\" class=\"wp-image-15704\" srcset=\"https:\/\/org.wwoof.it\/wp-content\/uploads\/2023\/10\/1697632713457-980x733.jpg 980w, https:\/\/org.wwoof.it\/wp-content\/uploads\/2023\/10\/1697632713457-480x359.jpg 480w\" sizes=\"(min-width: 0px) and (max-width: 480px) 480px, (min-width: 481px) and (max-width: 980px) 980px, (min-width: 981px) 1024px, 100vw\" \/><\/figure>\n\n\n\n<figure class=\"wp-block-image size-large\"><img loading=\"lazy\" decoding=\"async\" width=\"1024\" height=\"766\" data-id=\"15694\" src=\"https:\/\/org.wwoof.it\/wp-content\/uploads\/2023\/10\/1697632713816-1024x766.jpg\" alt=\"\" class=\"wp-image-15694\" srcset=\"https:\/\/org.wwoof.it\/wp-content\/uploads\/2023\/10\/1697632713816-980x733.jpg 980w, https:\/\/org.wwoof.it\/wp-content\/uploads\/2023\/10\/1697632713816-480x359.jpg 480w\" sizes=\"(min-width: 0px) and (max-width: 480px) 480px, (min-width: 481px) and (max-width: 980px) 980px, (min-width: 981px) 1024px, 100vw\" \/><\/figure>\n<\/figure>\n\n\n\n<div style=\"height:43px\" aria-hidden=\"true\" class=\"wp-block-spacer\"><\/div>\n\n\n\n<h2 class=\"wp-block-heading\">Uno sguardo sul mondo<\/h2>\n\n\n\n<p>Al pomeriggio, parola a Eszter, Gabriele, Francesco e Stana, che hanno partecipato per WWOOF Italia al meeting internazionale che si \u00e8 tenuto in Canada in settembre. Un salto dal locale al globale, a ricordarci che la partita si gioca su pi\u00f9 livelli, ed \u00e8 nelle nostre corde e nelle nostre possibilit\u00e0 avere un ruolo importante su entrambi i tavoli. I legami in seno a FoWO e con le altre organizzazioni si rafforzano, ampliando ancora pi\u00f9 il cerchio e ponendosi obiettivi pi\u00f9 ambiziosi.<\/p>\n\n\n\n<div style=\"height:43px\" aria-hidden=\"true\" class=\"wp-block-spacer\"><\/div>\n\n\n\n<figure class=\"wp-block-gallery has-nested-images columns-default is-cropped wp-block-gallery-3 is-layout-flex wp-block-gallery-is-layout-flex\">\n<figure class=\"wp-block-image size-large\"><img loading=\"lazy\" decoding=\"async\" width=\"1024\" height=\"766\" data-id=\"15682\" src=\"https:\/\/org.wwoof.it\/wp-content\/uploads\/2023\/10\/1697632714192-1024x766.jpg\" alt=\"\" class=\"wp-image-15682\" srcset=\"https:\/\/org.wwoof.it\/wp-content\/uploads\/2023\/10\/1697632714192-980x733.jpg 980w, https:\/\/org.wwoof.it\/wp-content\/uploads\/2023\/10\/1697632714192-480x359.jpg 480w\" sizes=\"(min-width: 0px) and (max-width: 480px) 480px, (min-width: 481px) and (max-width: 980px) 980px, (min-width: 981px) 1024px, 100vw\" \/><\/figure>\n\n\n\n<figure class=\"wp-block-image size-large\"><img loading=\"lazy\" decoding=\"async\" width=\"766\" height=\"1024\" data-id=\"15692\" src=\"https:\/\/org.wwoof.it\/wp-content\/uploads\/2023\/10\/1697632713829-766x1024.jpg\" alt=\"\" class=\"wp-image-15692\"\/><\/figure>\n\n\n\n<figure class=\"wp-block-image size-large\"><img loading=\"lazy\" decoding=\"async\" width=\"1024\" height=\"576\" data-id=\"15676\" src=\"https:\/\/org.wwoof.it\/wp-content\/uploads\/2023\/10\/IMG-20231019-WA0001-1024x576.jpg\" alt=\"\" class=\"wp-image-15676\" srcset=\"https:\/\/org.wwoof.it\/wp-content\/uploads\/2023\/10\/IMG-20231019-WA0001-980x551.jpg 980w, https:\/\/org.wwoof.it\/wp-content\/uploads\/2023\/10\/IMG-20231019-WA0001-480x270.jpg 480w\" sizes=\"(min-width: 0px) and (max-width: 480px) 480px, (min-width: 481px) and (max-width: 980px) 980px, (min-width: 981px) 1024px, 100vw\" \/><\/figure>\n\n\n\n<figure class=\"wp-block-image size-large\"><img loading=\"lazy\" decoding=\"async\" width=\"1024\" height=\"766\" data-id=\"15690\" src=\"https:\/\/org.wwoof.it\/wp-content\/uploads\/2023\/10\/1697632713910-1024x766.jpg\" alt=\"\" class=\"wp-image-15690\" srcset=\"https:\/\/org.wwoof.it\/wp-content\/uploads\/2023\/10\/1697632713910-980x733.jpg 980w, https:\/\/org.wwoof.it\/wp-content\/uploads\/2023\/10\/1697632713910-480x359.jpg 480w\" sizes=\"(min-width: 0px) and (max-width: 480px) 480px, (min-width: 481px) and (max-width: 980px) 980px, (min-width: 981px) 1024px, 100vw\" \/><\/figure>\n<\/figure>\n\n\n\n<div style=\"height:43px\" aria-hidden=\"true\" class=\"wp-block-spacer\"><\/div>\n\n\n\n<h2 class=\"wp-block-heading\">Il cerchio si allarga<\/h2>\n\n\n\n<p>Avevamo cominciato a parlarne a Fano in marzo, abbiamo approfondito il discorso a giugno a Cortona (<a href=\"https:\/\/drive.google.com\/file\/d\/1k_vjUZjy6DDR4ITU7JiBUrtloUKQlErW\/view?usp=share_link\">qui<\/a> il report dell&#8217;incontro): come rendere pi\u00f9 partecipate e orizzontali le decisioni? Come stimolare la partecipazione attiva dei soci all\u2019associazione?<\/p>\n\n\n\n<p>Al sabato, sono state nuovamente Marta ed Elenia, le nostre facilitatrici di fiducia, ad accompagnarci per trovare risposta a queste domande. Prosegue il lavoro per dare struttura e riempire di contenuti l\u2019idea che un Cerchio Allargato di soci affianchi il consiglio durante la sua attivit\u00e0 di gestione dell\u2019associazione. E\u2019 un lavoro lungo, ce ne siamo resi conto: non mancano i dubbi,\u00a0 l\u2019argomento \u00e8 complesso e le possibilit\u00e0 sono tante. Ed \u00e8 anche un processo faticoso, lo abbiamo capito tutti quando verso sera sono calate le forze e concentrazione. Ma ad ogni incontro si aggiunge un tassello in pi\u00f9 e, grazie alla creazione di un gruppo di lavoro che si occuper\u00e0 di affinare il progetto, contiamo di arrivare alla prossima riunione con una proposta concreta da sottoporre all\u2019assemblea.<\/p>\n\n\n\n<p>Nel frattempo, proprio in previsione di una condivisione assembleare, Ciro ci presenta il progetto di Campeggio Contadino che avr\u00e0 luogo, ancora grazie all&#8217;ospitalit\u00e0 de Il Rassecale, nei primi giorni di Agosto 2024. Saranno giornate di condivisione e di confronto dedicate soprattutto alle pratiche contadine anche se la sfera politica avr\u00e0 sicuramente il suo spazio. E&#8217; una iniziativa che Ciro intende promuovere nei suoi ambiti relazionali pi\u00f9 diretti: WWOOF e Genuino Clandestino; lo scopo \u00e8 quello di iniziare da un &#8220;prototipo&#8221; locale per poi arrivare alla moltiplicazione di iniziative simili sui territori. <\/p>\n\n\n\n<div style=\"height:43px\" aria-hidden=\"true\" class=\"wp-block-spacer\"><\/div>\n\n\n\n<div class=\"wp-block-buttons is-content-justification-center is-layout-flex wp-container-core-buttons-is-layout-16018d1d wp-block-buttons-is-layout-flex\">\n<div class=\"wp-block-button\"><a class=\"wp-block-button__link has-luminous-vivid-orange-background-color has-background wp-element-button\" href=\"https:\/\/drive.google.com\/file\/d\/1HNb7yfWsmf3xm4OQqwv-m84dM0JAge0w\/view\">Leggi il report<\/a><\/div>\n<\/div>\n\n\n\n<div style=\"height:43px\" aria-hidden=\"true\" class=\"wp-block-spacer\"><\/div>\n\n\n\n<figure class=\"wp-block-image size-large\"><img loading=\"lazy\" decoding=\"async\" width=\"1024\" height=\"766\" src=\"https:\/\/org.wwoof.it\/wp-content\/uploads\/2023\/10\/1697632713803-1024x766.jpg\" alt=\"\" class=\"wp-image-15696\" srcset=\"https:\/\/org.wwoof.it\/wp-content\/uploads\/2023\/10\/1697632713803-980x733.jpg 980w, https:\/\/org.wwoof.it\/wp-content\/uploads\/2023\/10\/1697632713803-480x359.jpg 480w\" sizes=\"(min-width: 0px) and (max-width: 480px) 480px, (min-width: 481px) and (max-width: 980px) 980px, (min-width: 981px) 1024px, 100vw\" \/><\/figure>\n\n\n\n<div style=\"height:43px\" aria-hidden=\"true\" class=\"wp-block-spacer\"><\/div>\n\n\n\n<h2 class=\"wp-block-heading\">E poi\u2026si balla!<\/h2>\n\n\n\n<p>Ma non sarebbe stato un raduno WWOOF se dopo le fatiche diurne non fossero arrivati dalla cucina di Federica piatti preparati con cura dal pomeriggio, in cui i prodotti del Rassecale davano conferma che al di l\u00e0 del bell\u2019aspetto ci fosse dentro anche tanto gusto.<\/p>\n\n\n\n<p>Fisarmonica, flauto e tamburo hanno reso familiari i ritmi della taranta anche a chi veniva da lontano, e chi \u00e8 venuto per la prima volta si \u00e8 portato a casa l\u2019idea che, altrettanto importante dei temi del pomeriggio, lo stare bene insieme \u00e8 il motore che spinge tanti a tornare e partecipare.<\/p>\n\n\n\n<div style=\"height:43px\" aria-hidden=\"true\" class=\"wp-block-spacer\"><\/div>\n\n\n\n<figure class=\"wp-block-gallery has-nested-images columns-default is-cropped wp-block-gallery-4 is-layout-flex wp-block-gallery-is-layout-flex\">\n<figure class=\"wp-block-image size-large\"><img loading=\"lazy\" decoding=\"async\" width=\"1024\" height=\"768\" data-id=\"15672\" src=\"https:\/\/org.wwoof.it\/wp-content\/uploads\/2023\/10\/IMG-20231019-WA0005-1024x768.jpg\" alt=\"\" class=\"wp-image-15672\" srcset=\"https:\/\/org.wwoof.it\/wp-content\/uploads\/2023\/10\/IMG-20231019-WA0005-980x735.jpg 980w, https:\/\/org.wwoof.it\/wp-content\/uploads\/2023\/10\/IMG-20231019-WA0005-480x360.jpg 480w\" sizes=\"(min-width: 0px) and (max-width: 480px) 480px, (min-width: 481px) and (max-width: 980px) 980px, (min-width: 981px) 1024px, 100vw\" \/><\/figure>\n<\/figure>\n\n\n\n<div style=\"height:43px\" aria-hidden=\"true\" class=\"wp-block-spacer\"><\/div>\n\n\n\n<h2 class=\"wp-block-heading\">Sapori del Sud<\/h2>\n\n\n\n<p>Prima del rompete le righe, alla domenica mattina il piazzale coperto del Rassecale si \u00e8 riempito di banchetti di verdure, di piccoli artigiani, di semi da scambiare insieme ai saperi necessari per farli crescere. Forse qualcosa di tutto questo sar\u00e0 gi\u00e0 germinato per il prossimo&nbsp; appuntamento: a Fano dall\u20191 al 3 marzo 2024.&nbsp;&nbsp;<\/p>\n\n\n\n<div style=\"height:43px\" aria-hidden=\"true\" class=\"wp-block-spacer\"><\/div>\n\n\n\n<figure class=\"wp-block-gallery has-nested-images columns-default is-cropped wp-block-gallery-5 is-layout-flex wp-block-gallery-is-layout-flex\">\n<figure class=\"wp-block-image size-large\"><img loading=\"lazy\" decoding=\"async\" width=\"1024\" height=\"766\" data-id=\"15702\" src=\"https:\/\/org.wwoof.it\/wp-content\/uploads\/2023\/10\/1697632713560-1024x766.jpg\" alt=\"\" class=\"wp-image-15702\" srcset=\"https:\/\/org.wwoof.it\/wp-content\/uploads\/2023\/10\/1697632713560-980x733.jpg 980w, https:\/\/org.wwoof.it\/wp-content\/uploads\/2023\/10\/1697632713560-480x359.jpg 480w\" sizes=\"(min-width: 0px) and (max-width: 480px) 480px, (min-width: 481px) and (max-width: 980px) 980px, (min-width: 981px) 1024px, 100vw\" \/><\/figure>\n\n\n\n<figure class=\"wp-block-image size-large\"><img loading=\"lazy\" decoding=\"async\" width=\"1024\" height=\"847\" data-id=\"15700\" src=\"https:\/\/org.wwoof.it\/wp-content\/uploads\/2023\/10\/1697632713490-1024x847.jpg\" alt=\"\" class=\"wp-image-15700\" srcset=\"https:\/\/org.wwoof.it\/wp-content\/uploads\/2023\/10\/1697632713490-980x811.jpg 980w, https:\/\/org.wwoof.it\/wp-content\/uploads\/2023\/10\/1697632713490-480x397.jpg 480w\" sizes=\"(min-width: 0px) and (max-width: 480px) 480px, (min-width: 481px) and (max-width: 980px) 980px, (min-width: 981px) 1024px, 100vw\" \/><\/figure>\n\n\n\n<figure class=\"wp-block-image size-large\"><img loading=\"lazy\" decoding=\"async\" width=\"1024\" height=\"766\" data-id=\"15698\" src=\"https:\/\/org.wwoof.it\/wp-content\/uploads\/2023\/10\/1697632713769-1024x766.jpg\" alt=\"\" class=\"wp-image-15698\" srcset=\"https:\/\/org.wwoof.it\/wp-content\/uploads\/2023\/10\/1697632713769-980x733.jpg 980w, https:\/\/org.wwoof.it\/wp-content\/uploads\/2023\/10\/1697632713769-480x359.jpg 480w\" sizes=\"(min-width: 0px) and (max-width: 480px) 480px, (min-width: 481px) and (max-width: 980px) 980px, (min-width: 981px) 1024px, 100vw\" \/><\/figure>\n\n\n\n<figure class=\"wp-block-image size-large\"><img loading=\"lazy\" decoding=\"async\" width=\"1024\" height=\"768\" data-id=\"15670\" src=\"https:\/\/org.wwoof.it\/wp-content\/uploads\/2023\/10\/IMG-20231019-WA0007-1024x768.jpg\" alt=\"\" class=\"wp-image-15670\" srcset=\"https:\/\/org.wwoof.it\/wp-content\/uploads\/2023\/10\/IMG-20231019-WA0007-980x735.jpg 980w, https:\/\/org.wwoof.it\/wp-content\/uploads\/2023\/10\/IMG-20231019-WA0007-480x360.jpg 480w\" sizes=\"(min-width: 0px) and (max-width: 480px) 480px, (min-width: 481px) and (max-width: 980px) 980px, (min-width: 981px) 1024px, 100vw\" \/><\/figure>\n<\/figure>\n\n\n\n<div style=\"height:43px\" aria-hidden=\"true\" class=\"wp-block-spacer\"><\/div>\n","protected":false},"excerpt":{"rendered":"<p>Al Rassecale (Mirabella Eclano, AV) ci ha accolti una comunit\u00e0 giovane, ora in fase di ristrutturazione ma con ancora tanti progetti da realizzare: Marco e Pauline portano avanti il loro meraviglioso orto, Marina si \u00e8 trasferita dalla Spagna a dare una mano con gli animali. Arrivata qui come WWOOFer, \u00e8 la testimonianza di quanto possa essere incisiva sulla pratica agricola e sulle traiettorie della vita la nostra associazione.<\/p>\n","protected":false},"author":56955,"featured_media":15674,"comment_status":"closed","ping_status":"closed","sticky":true,"template":"","format":"standard","meta":{"_et_pb_use_builder":"off","_et_pb_old_content":"","_et_gb_content_width":"","wds_primary_category":1354,"footnotes":""},"categories":[1355,2001,17,1354],"tags":[3914,3622,1001],"class_list":["post-15577","post","type-post","status-publish","format-standard","has-post-thumbnail","hentry","category-assemblee","category-in-primo-piano","category-riunione-di-coordinatori","category-vita-associativa","tag-assemblee","tag-rassecale","tag-riunione-autunnale"],"_links":{"self":[{"href":"https:\/\/org.wwoof.it\/it\/wp-json\/wp\/v2\/posts\/15577","targetHints":{"allow":["GET"]}}],"collection":[{"href":"https:\/\/org.wwoof.it\/it\/wp-json\/wp\/v2\/posts"}],"about":[{"href":"https:\/\/org.wwoof.it\/it\/wp-json\/wp\/v2\/types\/post"}],"author":[{"embeddable":true,"href":"https:\/\/org.wwoof.it\/it\/wp-json\/wp\/v2\/users\/56955"}],"replies":[{"embeddable":true,"href":"https:\/\/org.wwoof.it\/it\/wp-json\/wp\/v2\/comments?post=15577"}],"version-history":[{"count":13,"href":"https:\/\/org.wwoof.it\/it\/wp-json\/wp\/v2\/posts\/15577\/revisions"}],"predecessor-version":[{"id":15833,"href":"https:\/\/org.wwoof.it\/it\/wp-json\/wp\/v2\/posts\/15577\/revisions\/15833"}],"wp:featuredmedia":[{"embeddable":true,"href":"https:\/\/org.wwoof.it\/it\/wp-json\/wp\/v2\/media\/15674"}],"wp:attachment":[{"href":"https:\/\/org.wwoof.it\/it\/wp-json\/wp\/v2\/media?parent=15577"}],"wp:term":[{"taxonomy":"category","embeddable":true,"href":"https:\/\/org.wwoof.it\/it\/wp-json\/wp\/v2\/categories?post=15577"},{"taxonomy":"post_tag","embeddable":true,"href":"https:\/\/org.wwoof.it\/it\/wp-json\/wp\/v2\/tags?post=15577"}],"curies":[{"name":"wp","href":"https:\/\/api.w.org\/{rel}","templated":true}]}}