{"id":15589,"date":"2023-10-27T10:10:22","date_gmt":"2023-10-27T10:10:22","guid":{"rendered":"https:\/\/org.wwoof.it\/?p=15589"},"modified":"2023-10-27T10:24:22","modified_gmt":"2023-10-27T10:24:22","slug":"26-novembre-2023-incontro-tra-i-soci-romagnoli-a-civitella-di-romagna-fc","status":"publish","type":"post","link":"https:\/\/org.wwoof.it\/it\/2023\/10\/26-novembre-2023-incontro-tra-i-soci-romagnoli-a-civitella-di-romagna-fc\/","title":{"rendered":"Incontro tra i soci romagnoli"},"content":{"rendered":"\n<h2 class=\"wp-block-heading\">26 novembre 2023: a  CIVITELLA DI ROMAGNA (FC)<\/h2>\n\n\n\n<div style=\"height:43px\" aria-hidden=\"true\" class=\"wp-block-spacer\"><\/div>\n\n\n\n<figure class=\"wp-block-image size-large\"><img decoding=\"async\" width=\"1024\" height=\"464\" data-src=\"https:\/\/org.wwoof.it\/wp-content\/uploads\/2023\/10\/borgo-basino-2-1024x464.jpg\" alt=\"\" class=\"wp-image-15590 lazyload\" data-srcset=\"https:\/\/org.wwoof.it\/wp-content\/uploads\/2023\/10\/borgo-basino-2-980x444.jpg 980w, https:\/\/org.wwoof.it\/wp-content\/uploads\/2023\/10\/borgo-basino-2-480x217.jpg 480w\" data-sizes=\"(min-width: 0px) and (max-width: 480px) 480px, (min-width: 481px) and (max-width: 980px) 980px, (min-width: 981px) 1024px, 100vw\" src=\"data:image\/svg+xml;base64,PHN2ZyB3aWR0aD0iMSIgaGVpZ2h0PSIxIiB4bWxucz0iaHR0cDovL3d3dy53My5vcmcvMjAwMC9zdmciPjwvc3ZnPg==\" style=\"--smush-placeholder-width: 1024px; --smush-placeholder-aspect-ratio: 1024\/464;\" \/><\/figure>\n\n\n\n<div style=\"height:43px\" aria-hidden=\"true\" class=\"wp-block-spacer\"><\/div>\n\n\n\n<p class=\"wp-block-paragraph\">Per gli host e i wwoofer della Romagna \u00e8 finalmente arrivato&nbsp; il momento di incontrarsi: dopo vari rinvii&nbsp; a causa del Covid e delle varie emergenze, sentiamo l\u2019esigenza di conoscerci di persona, di confrontarci e di trovare insieme soluzioni per affrontare momenti difficili. L\u2019intento \u00e8 quello di raccontarci, di aggiornare sulle ultime novit\u00e0 del mondo WWOOF e raccogliere esperienze e suggerimenti, capire come WWOOF possa avere un ruolo attivo nel suo stare vicino ai soci e i territori.<\/p>\n\n\n\n<p class=\"wp-block-paragraph\">Questo \u00e8 il programma di massima, ma in questo primo incontro lo scopo principale sar\u00e0 quello di conoscersi: ogni socio sar\u00e0 libero di proporre temi e portare esperienze, bisogni, problematiche.<\/p>\n\n\n\n<p class=\"wp-block-paragraph\"><strong>ore 9.30 Ritrovo a <\/strong><a href=\"https:\/\/wwoof.it\/it\/host\/15553\"><strong>Borgo Basino presso l\u2019azienda di Federica <\/strong><\/a><strong>a Civitella di Romagna (FC)<\/strong><\/p>\n\n\n\n<p class=\"wp-block-paragraph\"><strong>ore 10.00 Cerchio di presentazione: <\/strong>creiamo rete, mutuo aiuto, solidariet\u00e0.<\/p>\n\n\n\n<p class=\"wp-block-paragraph\"><strong>ore 11.30 Elena Campacci <\/strong>ci parler\u00e0 del progetto <strong><a href=\"https:\/\/org.wwoof.it\/it\/2023\/08\/ri-semina-a-cura-di-soffi-di-terra\/\">Ri-semina <\/a>, <\/strong>nato in seno all\u2019associazione romagnola <strong>Soffi di Terra: <\/strong>l\u2019intento \u00e8 quello di dare sostegno alle piccole realt\u00e0 agricole danneggiate dalle alluvioni di maggio&nbsp;<\/p>\n\n\n\n<p class=\"wp-block-paragraph\"><strong>ore 13:00 pranzo condiviso: <\/strong>ognuno porta qualcosa da mettere sulla grande tavola comune<\/p>\n\n\n\n<p class=\"wp-block-paragraph\"><strong>14:30 Parliamo di WWOOF Italia: condivisione e confronto<\/strong><\/p>\n\n\n\n<p class=\"wp-block-paragraph\">-resoconto sul raduno autunnale di Mirabella Eclano<\/p>\n\n\n\n<p class=\"wp-block-paragraph\">-proposte da portare all\u2019assemblea nazionale di Fano ( dall\u20191 al 3 marzo 2024)<\/p>\n\n\n\n<p class=\"wp-block-paragraph\">\u2013come si sta sviluppando il movimento internazionale: resoconto sull\u2019<a href=\"https:\/\/org.wwoof.it\/it\/2023\/10\/uno-sguardo-allincontro-wwoof-internazionale\/\">incontro di settembre in Canada<\/a><\/p>\n\n\n\n<p class=\"wp-block-paragraph\"><strong>Benvenuti aspiranti soci (sia host sia wwoofer)!<\/strong><\/p>\n\n\n\n<p class=\"wp-block-paragraph\">Dove arrivare:&nbsp;<\/p>\n\n\n\n<p class=\"wp-block-paragraph\">Via S. Giovanni- Basino 41, Civitella di Romagna loc. Cusercoli (FC)<\/p>\n\n\n\n<p class=\"wp-block-paragraph\">Per conferme e info contattare Fabrizio al cellulare (3396410314) o via mail (fabrizio.romagnoli@wwoof.it)<\/p>\n","protected":false},"excerpt":{"rendered":"<p>Per gli host e i wwoofer della Romagna \u00e8 finalmente arrivato\u00a0 il momento di incontrarsi: dopo vari rinvii\u00a0 a causa del Covid e delle varie emergenze, sentiamo l\u2019esigenza di conoscerci di persona, di confrontarci e di trovare insieme soluzioni per affrontare momenti difficili. <\/p>\n","protected":false},"author":56955,"featured_media":15595,"comment_status":"closed","ping_status":"closed","sticky":false,"template":"","format":"standard","meta":{"_et_pb_use_builder":"off","_et_pb_old_content":"","_et_gb_content_width":"","wds_primary_category":1356,"footnotes":""},"categories":[29,1356,1354],"tags":[1140,2787],"class_list":["post-15589","post","type-post","status-publish","format-standard","has-post-thumbnail","hentry","category-comunicazioni-dell-associazione-2","category-sul-territorio","category-vita-associativa","tag-emilia-romagna","tag-riunioni-locali"],"_links":{"self":[{"href":"https:\/\/org.wwoof.it\/it\/wp-json\/wp\/v2\/posts\/15589","targetHints":{"allow":["GET"]}}],"collection":[{"href":"https:\/\/org.wwoof.it\/it\/wp-json\/wp\/v2\/posts"}],"about":[{"href":"https:\/\/org.wwoof.it\/it\/wp-json\/wp\/v2\/types\/post"}],"author":[{"embeddable":true,"href":"https:\/\/org.wwoof.it\/it\/wp-json\/wp\/v2\/users\/56955"}],"replies":[{"embeddable":true,"href":"https:\/\/org.wwoof.it\/it\/wp-json\/wp\/v2\/comments?post=15589"}],"version-history":[{"count":6,"href":"https:\/\/org.wwoof.it\/it\/wp-json\/wp\/v2\/posts\/15589\/revisions"}],"predecessor-version":[{"id":15808,"href":"https:\/\/org.wwoof.it\/it\/wp-json\/wp\/v2\/posts\/15589\/revisions\/15808"}],"wp:featuredmedia":[{"embeddable":true,"href":"https:\/\/org.wwoof.it\/it\/wp-json\/wp\/v2\/media\/15595"}],"wp:attachment":[{"href":"https:\/\/org.wwoof.it\/it\/wp-json\/wp\/v2\/media?parent=15589"}],"wp:term":[{"taxonomy":"category","embeddable":true,"href":"https:\/\/org.wwoof.it\/it\/wp-json\/wp\/v2\/categories?post=15589"},{"taxonomy":"post_tag","embeddable":true,"href":"https:\/\/org.wwoof.it\/it\/wp-json\/wp\/v2\/tags?post=15589"}],"curies":[{"name":"wp","href":"https:\/\/api.w.org\/{rel}","templated":true}]}}