{"id":16088,"date":"2023-11-19T13:46:59","date_gmt":"2023-11-19T13:46:59","guid":{"rendered":"https:\/\/org.wwoof.it\/?p=16088"},"modified":"2023-11-19T15:36:21","modified_gmt":"2023-11-19T15:36:21","slug":"non-ce-due-senza-tre","status":"publish","type":"post","link":"https:\/\/org.wwoof.it\/it\/2023\/11\/non-ce-due-senza-tre\/","title":{"rendered":"Non c&#8217;\u00e8 due senza tre"},"content":{"rendered":"\n<h2 class=\"wp-block-heading\">salva la data del prossimo raduno di WWOOF Italia a Fano!<\/h2>\n\n\n\n<div style=\"height:43px\" aria-hidden=\"true\" class=\"wp-block-spacer\"><\/div>\n\n\n\n<p>Villa Prelato a Fano \u00e8 stata confermata come sede del raduno 2024 in programma da gioved\u00ec 29 febbraio a domenica 3 marzo.<\/p>\n\n\n\n<p>Dal <a href=\"https:\/\/org.wwoof.it\/it\/2023\/03\/raduno-2023-il-racconto\/\" target=\"_blank\" rel=\"noreferrer noopener\">racconto<\/a> dell&#8217;ultimo raduno ne \u00e8 passata di acqua sotto i ponti: i Soci pi\u00f9 coinvolti nella vita associativa hanno avuto altre due occasioni di incontro e di lavoro in estate a <a href=\"https:\/\/org.wwoof.it\/it\/cortona-23\/\" target=\"_blank\" rel=\"noreferrer noopener\">Cortona (AR)<\/a> e in autunno a <a href=\"https:\/\/org.wwoof.it\/it\/2023\/10\/rassecale-il-racconto\/\" target=\"_blank\" rel=\"noreferrer noopener\">Rassecale (AV)<\/a>. La cornice non cambia ma i contenuti evolveranno nella direzione pensata e condivisa in quelle due occasioni.<\/p>\n\n\n\n<p>Nel frattempo i progetti del bando <a href=\"https:\/\/org.wwoof.it\/it\/2022\/03\/scelti-i-progetti-del-bando-crescono-con-noi\/\" data-type=\"link\" data-id=\"https:\/\/org.wwoof.it\/it\/2022\/03\/scelti-i-progetti-del-bando-crescono-con-noi\/\" target=\"_blank\" rel=\"noreferrer noopener\">&#8220;Crescono con noi&#8221;<\/a> sono arrivati al loro terzo anno di vita, ma anche l&#8217;<a href=\"https:\/\/org.wwoof.it\/it\/2023\/05\/pergola-la-festa-dellorto-e-del-mais\/\" target=\"_blank\" rel=\"noreferrer noopener\">Orto Scolastico di Pergola<\/a> ha vissuto la sua evoluzione e il 3 dicembre pv verr\u00e0 finalmente inaugurato il <a href=\"https:\/\/www.ilfornodivincenzo.it\/\" data-type=\"link\" data-id=\"https:\/\/www.ilfornodivincenzo.it\/\" target=\"_blank\" rel=\"noreferrer noopener\">Forno di Vincenzo<\/a>. Ne sapremo di pi\u00f9 quando, come speriamo, ci verranno a trovare a Villa Prelato: non ci nascondiamo che il sogno nel cassetto \u00e8 che altri progetti si manifestino presto per condividere i loro sogni con i Soci di WWOOF Italia e, perch\u00e9 no, richiederne appoggio e sostegno.<\/p>\n\n\n\n<p>Vi ricordiamo che l&#8217;assemblea generale di sabato 2 marzo sar\u00e0 elettiva, andranno rinnovati consiglio e collegio dei probiviri. Ci auguriamo partecipazione numerosa: riceverete per tempo programma e istruzioni per l&#8217;iscrizione.<\/p>\n\n\n\n<div style=\"height:43px\" aria-hidden=\"true\" class=\"wp-block-spacer\"><\/div>\n\n\n\n<figure class=\"wp-block-image size-large\"><img loading=\"lazy\" decoding=\"async\" width=\"1024\" height=\"768\" src=\"https:\/\/org.wwoof.it\/wp-content\/uploads\/2023\/03\/330168349_165807342920594_2595876341931402753_n-1024x768.jpg\" alt=\"\" class=\"wp-image-12783\" srcset=\"https:\/\/org.wwoof.it\/wp-content\/uploads\/2023\/03\/330168349_165807342920594_2595876341931402753_n-980x735.jpg 980w, https:\/\/org.wwoof.it\/wp-content\/uploads\/2023\/03\/330168349_165807342920594_2595876341931402753_n-480x360.jpg 480w\" sizes=\"(min-width: 0px) and (max-width: 480px) 480px, (min-width: 481px) and (max-width: 980px) 980px, (min-width: 981px) 1024px, 100vw\" \/><\/figure>\n\n\n\n<div style=\"height:43px\" aria-hidden=\"true\" class=\"wp-block-spacer\"><\/div>\n","protected":false},"excerpt":{"rendered":"<p> L&#8217;assemblea di sabato 2 marzo sar\u00e0 elettiva, andranno rinnovati consiglio e collegio dei probiviri. Ci auguriamo partecipazione numerosa: riceverete per tempo programma e istruzioni per l&#8217;iscrizione.<\/p>\n","protected":false},"author":3,"featured_media":12846,"comment_status":"closed","ping_status":"closed","sticky":false,"template":"","format":"standard","meta":{"_et_pb_use_builder":"off","_et_pb_old_content":"","_et_gb_content_width":"","wds_primary_category":1355,"footnotes":""},"categories":[1355,1354],"tags":[1904,4004,4003],"class_list":["post-16088","post","type-post","status-publish","format-standard","has-post-thumbnail","hentry","category-assemblee","category-vita-associativa","tag-fano","tag-raduno-2024","tag-villa-pretale"],"_links":{"self":[{"href":"https:\/\/org.wwoof.it\/it\/wp-json\/wp\/v2\/posts\/16088","targetHints":{"allow":["GET"]}}],"collection":[{"href":"https:\/\/org.wwoof.it\/it\/wp-json\/wp\/v2\/posts"}],"about":[{"href":"https:\/\/org.wwoof.it\/it\/wp-json\/wp\/v2\/types\/post"}],"author":[{"embeddable":true,"href":"https:\/\/org.wwoof.it\/it\/wp-json\/wp\/v2\/users\/3"}],"replies":[{"embeddable":true,"href":"https:\/\/org.wwoof.it\/it\/wp-json\/wp\/v2\/comments?post=16088"}],"version-history":[{"count":2,"href":"https:\/\/org.wwoof.it\/it\/wp-json\/wp\/v2\/posts\/16088\/revisions"}],"predecessor-version":[{"id":16092,"href":"https:\/\/org.wwoof.it\/it\/wp-json\/wp\/v2\/posts\/16088\/revisions\/16092"}],"wp:featuredmedia":[{"embeddable":true,"href":"https:\/\/org.wwoof.it\/it\/wp-json\/wp\/v2\/media\/12846"}],"wp:attachment":[{"href":"https:\/\/org.wwoof.it\/it\/wp-json\/wp\/v2\/media?parent=16088"}],"wp:term":[{"taxonomy":"category","embeddable":true,"href":"https:\/\/org.wwoof.it\/it\/wp-json\/wp\/v2\/categories?post=16088"},{"taxonomy":"post_tag","embeddable":true,"href":"https:\/\/org.wwoof.it\/it\/wp-json\/wp\/v2\/tags?post=16088"}],"curies":[{"name":"wp","href":"https:\/\/api.w.org\/{rel}","templated":true}]}}