{"id":19340,"date":"2023-04-13T10:38:00","date_gmt":"2023-04-13T10:38:00","guid":{"rendered":"https:\/\/org.wwoof.it\/?p=19340"},"modified":"2024-08-06T10:43:06","modified_gmt":"2024-08-06T10:43:06","slug":"piccola-vite-quando-la-cura-e-nella-terra","status":"publish","type":"post","link":"https:\/\/org.wwoof.it\/it\/2023\/04\/piccola-vite-quando-la-cura-e-nella-terra\/","title":{"rendered":"\u00a0Piccola Vite, quando la cura \u00e8 nella terra"},"content":{"rendered":"\n<p>\ud83c\udf1eLa prima giornata del progetto Piccola vite: quando la cura \u00e8 nella terra si \u00e8 svolta venerd\u00ec 18 novembre 2022 a Chiomonte con le bambine e i bambini della scuola primaria di San Didero (valle di Susa) durante un pomeriggio di doposcuola dell&#8217;associazione di promozione sociale Sovrappensiero.<\/p>\n\n\n\n<p>\ud83d\ude82Partiti da Bussoleno abbiamo fatto l&#8217;esperienza del treno che per alcuni bambini si \u00e8 rivelata essere la prima volta. Attraverso la storica linea ferroviaria Torino- Bardonecchia abbiamo risalito la valle di Susa.<\/p>\n\n\n\n<p>Addentratici a Chiomonte, attraverso vicoletti e arcate che sembravano portarci in antichi passaggi segreti siamo giunti nella porzione di paese, di fronte alla montagna<\/p>\n\n\n\n<p>dedicata ad orti e frutteti di paese: qui, \u00e8 situa la prima vigna del progetto, la vigna Urbana.<\/p>\n\n\n\n<p>\u270aDi fronte a noi la montagna, sotto di noi l&#8217;inizio della zona rossa del cantiere di un&#8217;opera inutile di devastazione ambientale: il TAV Torino-Lione. Recuperare e prendersi cura delle vigne in questo territorio significa operare un vero e proprio atto di resistenza.<\/p>\n\n\n\n<p>\ud83c\udf3fAbbiamo esplorato la vigna, osservandone e scoprendone tutta la biodiversit\u00e0 presente, dalle diverse erbe spontanee al rosmarino, alle piante che crescono tra i filari e attorno alle viti. Poi finalmente abbiamo fatto la conoscenza della padrona di casa: la vite, appunto. In questa prima giornata abbiamo pulito e scortecciato il tronco della vite, le abbiamo fatto aria togliendo tutte le erbacce che crescono attorno a lei.<\/p>\n\n\n\n<p>\u2702\ufe0fLa seconda giornata del progetto si \u00e8 svolta sabato 25 febbraio 2023 ed \u00e8 stata la giornata dedicata alla potatura.<\/p>\n\n\n\n<p>Undici sono stati i partecipanti di questa giornata: ci siamo ritrovati alle 10.30 del mattino e siamo stati insieme fino alle quattro del pomeriggio, merende comprese!<\/p>\n\n\n\n<p>La vigna Urbana \u00e8 una vigna in recupero: abbiamo potuto osservare e studiare la pianta di vite. Il ceppo, il tronco e i tralci. Abbiamo conosciuto dei simpatici riccioli \u2013 i viticci \u2013 con i quali la vite si aggrappa in giro.<\/p>\n\n\n\n<p>\ud83c\udf47Poi abbiamo imparato l&#8217;importanza della potatura, antica arte contadina&#8230;lo sperone, il capo a frutto. Matteo ci ha spiegato come come operare una scelta di potatura: lo sperone deve essere sul legno di un anno, non deve partire da troppo in basso n\u00e9 essere troppo in alto.<\/p>\n\n\n\n<p>Divisi a gruppetti di 4 abbiamo preso un filare a gruppo e con dello spago di iuta posizionato i cordini sui rametti che volevamo tenere. Dopo un rapido confronto sulle scelte fatte abbiamo finalmente preso le cesoie in mano e&#8230;.tagliato! Che emozione!<\/p>\n","protected":false},"excerpt":{"rendered":"<p>\ud83c\udf1eLa prima giornata del progetto Piccola vite: quando la cura \u00e8 nella terra si \u00e8 svolta venerd\u00ec 18 novembre 2022 a Chiomonte con le bambine e i bambini della scuola primaria di San Didero (valle di Susa) durante un pomeriggio di doposcuola dell&#8217;associazione di promozione sociale Sovrappensiero. \ud83d\ude82Partiti da Bussoleno abbiamo fatto l&#8217;esperienza del treno [&hellip;]<\/p>\n","protected":false},"author":1,"featured_media":19343,"comment_status":"closed","ping_status":"closed","sticky":false,"template":"","format":"standard","meta":{"_et_pb_use_builder":"off","_et_pb_old_content":"","_et_gb_content_width":"","wds_primary_category":0,"footnotes":""},"categories":[1359],"tags":[1710],"class_list":["post-19340","post","type-post","status-publish","format-standard","has-post-thumbnail","hentry","category-progetti","tag-crescono-con-noi"],"_links":{"self":[{"href":"https:\/\/org.wwoof.it\/it\/wp-json\/wp\/v2\/posts\/19340","targetHints":{"allow":["GET"]}}],"collection":[{"href":"https:\/\/org.wwoof.it\/it\/wp-json\/wp\/v2\/posts"}],"about":[{"href":"https:\/\/org.wwoof.it\/it\/wp-json\/wp\/v2\/types\/post"}],"author":[{"embeddable":true,"href":"https:\/\/org.wwoof.it\/it\/wp-json\/wp\/v2\/users\/1"}],"replies":[{"embeddable":true,"href":"https:\/\/org.wwoof.it\/it\/wp-json\/wp\/v2\/comments?post=19340"}],"version-history":[{"count":1,"href":"https:\/\/org.wwoof.it\/it\/wp-json\/wp\/v2\/posts\/19340\/revisions"}],"predecessor-version":[{"id":19345,"href":"https:\/\/org.wwoof.it\/it\/wp-json\/wp\/v2\/posts\/19340\/revisions\/19345"}],"wp:featuredmedia":[{"embeddable":true,"href":"https:\/\/org.wwoof.it\/it\/wp-json\/wp\/v2\/media\/19343"}],"wp:attachment":[{"href":"https:\/\/org.wwoof.it\/it\/wp-json\/wp\/v2\/media?parent=19340"}],"wp:term":[{"taxonomy":"category","embeddable":true,"href":"https:\/\/org.wwoof.it\/it\/wp-json\/wp\/v2\/categories?post=19340"},{"taxonomy":"post_tag","embeddable":true,"href":"https:\/\/org.wwoof.it\/it\/wp-json\/wp\/v2\/tags?post=19340"}],"curies":[{"name":"wp","href":"https:\/\/api.w.org\/{rel}","templated":true}]}}