{"id":21883,"date":"2025-04-08T12:18:10","date_gmt":"2025-04-08T10:18:10","guid":{"rendered":"https:\/\/org.wwoof.it\/?p=21883"},"modified":"2025-04-18T08:34:00","modified_gmt":"2025-04-18T06:34:00","slug":"semi-di-biodiversita-allorto-scolastico-di-pergola","status":"publish","type":"post","link":"https:\/\/org.wwoof.it\/it\/2025\/04\/semi-di-biodiversita-allorto-scolastico-di-pergola\/","title":{"rendered":"Semi di biodiversit\u00e0 all&#8217;orto scolastico di Pergola"},"content":{"rendered":"\n<figure class=\"wp-block-image size-large\"><img loading=\"lazy\" decoding=\"async\" width=\"1024\" height=\"768\" src=\"https:\/\/org.wwoof.it\/wp-content\/uploads\/2025\/04\/P1050643-1024x768.jpg\" alt=\"pergola\" class=\"wp-image-21888\" srcset=\"https:\/\/org.wwoof.it\/wp-content\/uploads\/2025\/04\/P1050643-980x735.jpg 980w, https:\/\/org.wwoof.it\/wp-content\/uploads\/2025\/04\/P1050643-480x360.jpg 480w\" sizes=\"(min-width: 0px) and (max-width: 480px) 480px, (min-width: 481px) and (max-width: 980px) 980px, (min-width: 981px) 1024px, 100vw\" \/><\/figure>\n\n\n\n<p><\/p>\n\n\n\n<p>E\u2019 stata una giornata importante, quella del 3 aprile all\u2019istituto comprensivo \u201cG. Binotti\u201d di Pergola. Un centinaio di persone: dalle autorit\u00e0 ai dirigenti scolastici, dagli insegnanti ai genitori, per finire ovviamente con tanti bambini. Il vociare, il ronzio delle prime api, il piacere di ritrovarsi in quello che ormai per tutti \u00e8 diventato un appuntamento fisso. E persino il sole, presagio favorevole e primo sostenitore delle piccole piantine che gi\u00e0 spuntano nell\u2019orto.<br><\/p>\n\n\n\n<figure class=\"wp-block-image size-large\"><img loading=\"lazy\" decoding=\"async\" width=\"1024\" height=\"576\" src=\"https:\/\/org.wwoof.it\/wp-content\/uploads\/2025\/04\/IMG_20250403_105857167_HDR-1024x576.jpg\" alt=\"\" class=\"wp-image-21900\" srcset=\"https:\/\/org.wwoof.it\/wp-content\/uploads\/2025\/04\/IMG_20250403_105857167_HDR-980x552.jpg 980w, https:\/\/org.wwoof.it\/wp-content\/uploads\/2025\/04\/IMG_20250403_105857167_HDR-480x270.jpg 480w\" sizes=\"(min-width: 0px) and (max-width: 480px) 480px, (min-width: 481px) and (max-width: 980px) 980px, (min-width: 981px) 1024px, 100vw\" \/><\/figure>\n\n\n\n<p><\/p>\n\n\n\n<p>L\u2019orto scolastico di Pergola \u00e8 senza dubbio il progetto che da pi\u00f9 anni WWOOF Italia si \u00e8 impegnato a seguire. All\u2019inizio a convincere, oltre la bont\u00e0 delle pratiche e delle idee, \u00e8 stata la stima e la fiducia verso il nostro socio Paolo Ciarimboli, da pi\u00f9 di 25 anni il principale promotore del progetto insieme ad alcuni insegnanti. L&#8217;impegno da parte nostra continua per\u00f2 convinto anche ora che Paolo ha scelto di fare un (piccolo) passo indietro, lasciando il ruolo pi\u00f9 operativo a Luca, che da bambino ha frequentato questa scuola e questo orto, rimanendone cos\u00ec colpito da arrivare a fare dell\u2019agricoltura il suo mestiere e ritornare in questo campetto a sostituire Paolo come insegnante. Un passaggio anche simbolico, ma i simboli sono importanti.<br><\/p>\n\n\n\n<figure class=\"wp-block-image size-large\"><img loading=\"lazy\" decoding=\"async\" width=\"1024\" height=\"576\" src=\"https:\/\/org.wwoof.it\/wp-content\/uploads\/2025\/04\/IMG_20250403_110431635_MP-1024x576.jpg\" alt=\"pergola\" class=\"wp-image-21896\" srcset=\"https:\/\/org.wwoof.it\/wp-content\/uploads\/2025\/04\/IMG_20250403_110431635_MP-980x552.jpg 980w, https:\/\/org.wwoof.it\/wp-content\/uploads\/2025\/04\/IMG_20250403_110431635_MP-480x270.jpg 480w\" sizes=\"(min-width: 0px) and (max-width: 480px) 480px, (min-width: 481px) and (max-width: 980px) 980px, (min-width: 981px) 1024px, 100vw\" \/><\/figure>\n\n\n\n<p><\/p>\n\n\n\n<p>Ed \u00e8 simbolicamente importante anche la donazione dei semi di mais quarantino di Pergola che da un paio d\u2019anni i bambini, diventati custodi di questa variet\u00e0, fanno agli agricoltori della citt\u00e0 e dei comuni limitrofi. I contadini che si mettevano in fila che ricevere ognuno un piccolo sacchetto con all\u2019interno semi di mais coltivati dagli alunni in questo piccolo campetto, si impegnavano cos\u00ec a rispettare il messaggio della giornata: custodiamo il passato e seminiamo il futuro.<br><\/p>\n\n\n\n<figure class=\"wp-block-image size-large\"><img loading=\"lazy\" decoding=\"async\" width=\"1024\" height=\"768\" src=\"https:\/\/org.wwoof.it\/wp-content\/uploads\/2025\/04\/P1050640-1024x768.jpg\" alt=\"pergola\" class=\"wp-image-21884\" srcset=\"https:\/\/org.wwoof.it\/wp-content\/uploads\/2025\/04\/P1050640-980x735.jpg 980w, https:\/\/org.wwoof.it\/wp-content\/uploads\/2025\/04\/P1050640-480x360.jpg 480w\" sizes=\"(min-width: 0px) and (max-width: 480px) 480px, (min-width: 481px) and (max-width: 980px) 980px, (min-width: 981px) 1024px, 100vw\" \/><\/figure>\n\n\n\n<p><\/p>\n\n\n\n<p>Potrebbe essere che parta dalle mani di questi bambini sporche di terra un piccolo motore, anche economico, per gli agricoltori della zona. Pu\u00f2 darsi che tra molti anni qualcuno di questi alunni prenda il posto di Luca, rinnovando il ciclo. Di certo, anche chi viene da fuori ha potuto cogliere qui, gi\u00e0 ora, quanto anche un piccolo orto possa essere importante per creare il senso della comunit\u00e0 e dello stare bene insieme.<br><\/p>\n\n\n\n<figure class=\"wp-block-image size-large\"><img loading=\"lazy\" decoding=\"async\" width=\"768\" height=\"1024\" src=\"https:\/\/org.wwoof.it\/wp-content\/uploads\/2025\/04\/P1050637-768x1024.jpg\" alt=\"pergola\" class=\"wp-image-21890\"\/><\/figure>\n","protected":false},"excerpt":{"rendered":"<p>E\u2019 stata una giornata importante, quella del 3 aprile all\u2019istituto comprensivo \u201cG. Binotti\u201d di Pergola. Un centinaio di persone: dalle autorit\u00e0 ai dirigenti scolastici, dagli insegnanti ai genitori, per finire ovviamente con tanti bambini. Il vociare, il ronzio delle prime api, il piacere di ritrovarsi in quello che ormai per tutti \u00e8 diventato un appuntamento [&hellip;]<\/p>\n","protected":false},"author":56955,"featured_media":21898,"comment_status":"closed","ping_status":"closed","sticky":false,"template":"","format":"standard","meta":{"_et_pb_use_builder":"off","_et_pb_old_content":"","_et_gb_content_width":"","wds_primary_category":1423,"footnotes":""},"categories":[1423,1478,1359],"tags":[],"class_list":["post-21883","post","type-post","status-publish","format-standard","has-post-thumbnail","hentry","category-dalle-nostre-reti","category-i-nostri-soci","category-progetti"],"_links":{"self":[{"href":"https:\/\/org.wwoof.it\/it\/wp-json\/wp\/v2\/posts\/21883","targetHints":{"allow":["GET"]}}],"collection":[{"href":"https:\/\/org.wwoof.it\/it\/wp-json\/wp\/v2\/posts"}],"about":[{"href":"https:\/\/org.wwoof.it\/it\/wp-json\/wp\/v2\/types\/post"}],"author":[{"embeddable":true,"href":"https:\/\/org.wwoof.it\/it\/wp-json\/wp\/v2\/users\/56955"}],"replies":[{"embeddable":true,"href":"https:\/\/org.wwoof.it\/it\/wp-json\/wp\/v2\/comments?post=21883"}],"version-history":[{"count":2,"href":"https:\/\/org.wwoof.it\/it\/wp-json\/wp\/v2\/posts\/21883\/revisions"}],"predecessor-version":[{"id":22015,"href":"https:\/\/org.wwoof.it\/it\/wp-json\/wp\/v2\/posts\/21883\/revisions\/22015"}],"wp:featuredmedia":[{"embeddable":true,"href":"https:\/\/org.wwoof.it\/it\/wp-json\/wp\/v2\/media\/21898"}],"wp:attachment":[{"href":"https:\/\/org.wwoof.it\/it\/wp-json\/wp\/v2\/media?parent=21883"}],"wp:term":[{"taxonomy":"category","embeddable":true,"href":"https:\/\/org.wwoof.it\/it\/wp-json\/wp\/v2\/categories?post=21883"},{"taxonomy":"post_tag","embeddable":true,"href":"https:\/\/org.wwoof.it\/it\/wp-json\/wp\/v2\/tags?post=21883"}],"curies":[{"name":"wp","href":"https:\/\/api.w.org\/{rel}","templated":true}]}}