{"id":22146,"date":"2025-04-29T19:02:37","date_gmt":"2025-04-29T17:02:37","guid":{"rendered":"https:\/\/org.wwoof.it\/?p=22146"},"modified":"2025-04-29T19:02:44","modified_gmt":"2025-04-29T17:02:44","slug":"aiutiamo-la-gaia-terra-a-risollevarsi-dallincendio","status":"publish","type":"post","link":"https:\/\/org.wwoof.it\/it\/2025\/04\/aiutiamo-la-gaia-terra-a-risollevarsi-dallincendio\/","title":{"rendered":"Aiutiamo la Gaia Terra a risollevarsi dall&#8217;incendio"},"content":{"rendered":"\n<h2 class=\"wp-block-heading\"> un appello per la ricostruzione della Sala Sole<\/h2>\n\n\n\n<div style=\"height:43px\" aria-hidden=\"true\" class=\"wp-block-spacer\"><\/div>\n\n\n\n<p>riceviamo dagli amici de <a href=\"https:\/\/www.progettogaiaterra.com\/\" target=\"_blank\" rel=\"noreferrer noopener\">La Gaia Terra<\/a> la news letter che invita amici e conoscenti a dare un contributo e a diffondere la notizia a persone che possano rispondere concretamente.<\/p>\n\n\n\n<p> qui di seguito il testo dell&#8217;appello<\/p>\n\n\n\n<div style=\"height:43px\" aria-hidden=\"true\" class=\"wp-block-spacer\"><\/div>\n\n\n\n<p>\u00a0&#8220;<em>Il terribile incendio che ha colpito la Sala Sole ci ha lasciato senza parole. Un luogo di cultura, condivisione e memoria \u00e8 stato gravemente danneggiato, ma non vogliamo arrenderci.<\/em><\/p>\n\n\n\n<p><em>Oggi ti chiediamo un piccolo, ma grandissimo gesto: aiutaci a ricostruirlo!<\/em><\/p>\n\n\n\n<p><em>\ud83d\udd25 Cosa \u00e8 successo?La Sala Sole, un punto di riferimento per la nostra comunit\u00e0, \u00e8 stata devastata dalle fiamme. Servono fondi urgenti per riparare i danni, acquistare nuovi materiali e ridare vita a questo spazio.<\/em><\/p>\n\n\n\n<p><em>\ud83d\udc9b Come puoi contribuire?<\/em><\/p>\n\n\n\n<p><em>1\ufe0f\u20e3 Dona anche solo 1\u20ac sulla nostra pagina\u00a0<a href=\"https:\/\/progettogaiaterra.voxmail.it\/nl\/pvnaaa\/w1itgw\/kxan5x5\/uf\/2\/aHR0cHM6Ly93d3cuZ29mdW5kbWUuY29tL2YvbXVybjV0LXJpZGlhbW8tdml0YS1hLWdhaWEtdGVycmEtZG9wby1pbC10ZXJyaWJpbGUtaW5jZW5kaW8?_d=A3D&amp;_c=bdf743bb\" target=\"_blank\" rel=\"noreferrer noopener\">[GoFundMe]<\/a><\/em><\/p>\n\n\n\n<p><em>2\ufe0f\u20e3 Condividi questa campagna con amici, familiari e sui social.<\/em><\/p>\n\n\n\n<p><em>3\ufe0f\u20e3 Parla della Sala Sole \u2013 pi\u00f9 persone sapranno della raccolta, pi\u00f9 velocemente potremo ricostruire!<\/em><\/p>\n\n\n\n<p><em>\ud83d\udc49 Dona qui:\u00a0<a href=\"https:\/\/progettogaiaterra.voxmail.it\/nl\/pvnaaa\/w1itgw\/kxan5x5\/uf\/3\/aHR0cHM6Ly9iaXQubHkvcHJvR2FpYVRlcnJh?_d=A3D&amp;_c=19a47817\" target=\"_blank\" rel=\"noreferrer noopener\">[https:\/\/www.gofundme.com\/f\/murn5t-ridiamo-vita-a-gaia-terra-dopo-il-terribile-incendio]<\/a><\/em><\/p>\n\n\n\n<p><em>\ud83d\ude4f Un grazie specialeGrazie a chi ha gi\u00e0 donato, a chi ha condiviso e a chi ci sta sostenendo con messaggi di affetto. Ogni euro conta e ogni condivisione \u00e8 un passo verso la rinascita della Sala Sole.<\/em><\/p>\n\n\n\n<p><em>\ud83d\udce2 Diffondi la voce!<\/em><\/p>\n\n\n\n<p><em>\ud83d\udd39 Condividi su Facebook:\u00a0<a href=\"https:\/\/progettogaiaterra.voxmail.it\/nl\/pvnaaa\/w1itgw\/kxan5x5\/uf\/4\/aHR0cHM6Ly93d3cuZmFjZWJvb2suY29tL3NoYXJlL3YvMTJGZUNRMkM0azUv?_d=A3D&amp;_c=7496ff66\" target=\"_blank\" rel=\"noreferrer noopener\">https:\/\/www.facebook.com\/share\/v\/12FeCQ2C4k5\/<\/a><\/em><\/p>\n\n\n\n<p><em>\ud83d\udd39 Pubblica su Instagram: Usa l\u2019hashtag #RicostruiamoLaSalaSole e taggaci!<\/em><\/p>\n\n\n\n<p><em>\ud83d\udd39 Inoltra questo appello a chi potrebbe voler aiutare.<\/em><\/p>\n\n\n\n<p><em>\ud83d\udcc5 Prossimi passiTieniti aggiornato: pubblicheremo aggiornamenti sui lavori e su come vengono utilizzati i fondi. La trasparenza \u00e8 importante per noi!Grazie di cuore per il tuo sostegno. Insieme, possiamo far rivivere la Sala Sole!<\/em><\/p>\n\n\n\n<p><em>Con gratitudine,La comunit\u00e0 di Gaia Terra e tutti i soci di Progetto Gaia Terra APS ETS<\/em><\/p>\n\n\n\n<p><em>\ud83d\udc8c PS: Anche un semplice &#8220;Mi sta a cuore&#8221; condiviso sui social ci aiuta tantissimo. Grazie per essere parte di questa rinascita!\u00a0<\/em><\/p>\n\n\n\n<div style=\"height:43px\" aria-hidden=\"true\" class=\"wp-block-spacer\"><\/div>\n\n\n\n<div class=\"wp-block-buttons is-content-justification-center is-layout-flex wp-container-core-buttons-is-layout-16018d1d wp-block-buttons-is-layout-flex\">\n<div class=\"wp-block-button\"><a class=\"wp-block-button__link wp-element-button\" href=\"https:\/\/www.gofundme.com\/f\/murn5t-ridiamo-vita-a-gaia-terra-dopo-il-terribile-incendio\" target=\"_blank\" rel=\"noreferrer noopener\">Maggiori Informazioni<\/a><\/div>\n<\/div>\n\n\n\n<div style=\"height:43px\" aria-hidden=\"true\" class=\"wp-block-spacer\"><\/div>\n\n\n\n<figure class=\"wp-block-image aligncenter size-full\"><img loading=\"lazy\" decoding=\"async\" width=\"720\" height=\"405\" src=\"https:\/\/org.wwoof.it\/wp-content\/uploads\/2025\/04\/incendio_gaia.webp\" alt=\"\" class=\"wp-image-22147\" srcset=\"https:\/\/org.wwoof.it\/wp-content\/uploads\/2025\/04\/incendio_gaia.webp 720w, https:\/\/org.wwoof.it\/wp-content\/uploads\/2025\/04\/incendio_gaia-480x270.webp 480w\" sizes=\"(min-width: 0px) and (max-width: 480px) 480px, (min-width: 481px) 720px, 100vw\" \/><\/figure>\n","protected":false},"excerpt":{"rendered":"<p>Nella notte tra il 10 e l&#8217;11 marzo Sala Sole, centro nevralgico dell&#8217;ecovillaggio Gaia Terra, spazio che accoglie eventi e grandi gruppi, \u00e8 bruciata. Le fiamme l&#8217;hanno avvolta, spogliandola della sua naturale bellezza sotto gli occhi impotenti dei suoi abitanti. <\/p>\n","protected":false},"author":3,"featured_media":22149,"comment_status":"closed","ping_status":"closed","sticky":false,"template":"","format":"standard","meta":{"_et_pb_use_builder":"off","_et_pb_old_content":"","_et_gb_content_width":"","wds_primary_category":1423,"footnotes":""},"categories":[1423],"tags":[5623,731,1006],"class_list":["post-22146","post","type-post","status-publish","format-standard","has-post-thumbnail","hentry","category-dalle-nostre-reti","tag-crowd-funding","tag-incendio","tag-raccolta-fondi"],"_links":{"self":[{"href":"https:\/\/org.wwoof.it\/it\/wp-json\/wp\/v2\/posts\/22146","targetHints":{"allow":["GET"]}}],"collection":[{"href":"https:\/\/org.wwoof.it\/it\/wp-json\/wp\/v2\/posts"}],"about":[{"href":"https:\/\/org.wwoof.it\/it\/wp-json\/wp\/v2\/types\/post"}],"author":[{"embeddable":true,"href":"https:\/\/org.wwoof.it\/it\/wp-json\/wp\/v2\/users\/3"}],"replies":[{"embeddable":true,"href":"https:\/\/org.wwoof.it\/it\/wp-json\/wp\/v2\/comments?post=22146"}],"version-history":[{"count":2,"href":"https:\/\/org.wwoof.it\/it\/wp-json\/wp\/v2\/posts\/22146\/revisions"}],"predecessor-version":[{"id":22152,"href":"https:\/\/org.wwoof.it\/it\/wp-json\/wp\/v2\/posts\/22146\/revisions\/22152"}],"wp:featuredmedia":[{"embeddable":true,"href":"https:\/\/org.wwoof.it\/it\/wp-json\/wp\/v2\/media\/22149"}],"wp:attachment":[{"href":"https:\/\/org.wwoof.it\/it\/wp-json\/wp\/v2\/media?parent=22146"}],"wp:term":[{"taxonomy":"category","embeddable":true,"href":"https:\/\/org.wwoof.it\/it\/wp-json\/wp\/v2\/categories?post=22146"},{"taxonomy":"post_tag","embeddable":true,"href":"https:\/\/org.wwoof.it\/it\/wp-json\/wp\/v2\/tags?post=22146"}],"curies":[{"name":"wp","href":"https:\/\/api.w.org\/{rel}","templated":true}]}}