{"id":23101,"date":"2025-07-15T09:38:47","date_gmt":"2025-07-15T07:38:47","guid":{"rendered":"https:\/\/org.wwoof.it\/?p=23101"},"modified":"2025-07-15T09:39:03","modified_gmt":"2025-07-15T07:39:03","slug":"aiutiamo-londa-fertile-a-rialzarsi","status":"publish","type":"post","link":"https:\/\/org.wwoof.it\/it\/2025\/07\/aiutiamo-londa-fertile-a-rialzarsi\/","title":{"rendered":"Aiutiamo l&#8217;Onda Fertile a rialzarsi"},"content":{"rendered":"\n<figure class=\"wp-block-image size-large\"><img loading=\"lazy\" decoding=\"async\" width=\"576\" height=\"1024\" src=\"https:\/\/org.wwoof.it\/wp-content\/uploads\/2025\/07\/onda-fertile-2-576x1024.jpg\" alt=\"\" class=\"wp-image-23102\" srcset=\"https:\/\/org.wwoof.it\/wp-content\/uploads\/2025\/07\/onda-fertile-2-576x1024.jpg 576w, https:\/\/org.wwoof.it\/wp-content\/uploads\/2025\/07\/onda-fertile-2-480x853.jpg 480w\" sizes=\"(min-width: 0px) and (max-width: 480px) 480px, (min-width: 481px) 576px, 100vw\" \/><\/figure>\n\n\n\n<p><\/p>\n\n\n\n<p>Apprendiamo con dispiacere quanto avvenuto nell&#8217;azienda del nostro socio Mattia (profilo WWOOF: https:\/\/wwoof.it\/it\/host\/15171): possiamo immaginare lo sconcerto nel vedere andare in fumo anni di lavoro e di passione per la terra. Questo \u00e8 il messaggio che hanno lanciato sui social (https:\/\/www.facebook.com\/ondafertile): chi pu\u00f2 dare una mano sar\u00e0 di grande aiuto per tornare a fare dell&#8217;Onda Fertile un punto di riferimento per l&#8217;agricoltura naturale nella zona di Brindisi.<\/p>\n\n\n\n<p>Domenica 29 giugno abbiamo partecipato alla bellissima Festa della Biodiversit\u00e0, ospiti della Luna nel Pozzo e di XFarm. Una giornata intensa, piena di scambi e connessioni. Abbiamo lasciato L\u2019Onda Fertile per un giorno, per contaminarci e tornare carichi di nuove idee.<\/p>\n\n\n\n<p>Ma al ritorno, un\u2019amara sorpresa: un incendio ha distrutto in poche ore i pollai mobili con tutte le nostre galline, gli orti, parte del frutteto, il sistema di irrigazione, 2 cisterne, la serra, materiali e mezzi essenziali al nostro lavoro. Sono andati perduti anche molti olivi secolari, l\u2019escavatore e il motocoltivatore.<\/p>\n\n\n\n<p>Se le fiamme non sono arrivate alle strutture abitative, lo dobbiamo ai nostri vicini (Francesco, Cosimo, sua moglie Angela e i loro figli), che con prontezza eroica hanno messo in sicurezza ci\u00f2 che potevano, soprattutto il trattore. Siamo profondamente riconoscenti e grati di averli accanto: veri angeli custodi del nostro territorio.<\/p>\n\n\n\n<p>Ora \u00e8 il momento di respirare, raccogliere le forze e ricominciare a sognare, prendendoci cura del nostro luogo per farlo rifiorire. Insieme, accogliendo tutte le straordinarie manifestazioni d\u2019affetto e sostegno che ci sono arrivate da ogni dove.<\/p>\n\n\n\n<p>Per chi \u00e8 vicino e vuole aiutarci nell\u2019enorme lavoro che ci attende, questo weekend apriremo le porte per due giornate di lavoro collettivo e partecipato: inizieremo dalla raccolta dei residui plastici. A breve comunicheremo le info logistiche e sugli orari.<\/p>\n\n\n\n<p>Chi \u00e8 lontano ma vuole farci sentire la sua vicinanza, pu\u00f2 farlo con una donazione tramite bonifico, con causale: &#8220;Erogazione liberale a sostegno dell&#8217;azienda agricola l&#8217;Onda Fertile colpita da incendio&#8221; IBAN: IT45N0501804000000012399028 intestato a: Azienda Agricola L\u2019Onda Fertile di Francesca Radin.<\/p>\n\n\n\n<p>Quello che \u00e8 successo \u00e8 stato devastante. Ma pi\u00f9 forte \u00e8 il bisogno di risollevarci e continuare questa avventura con maggiore consapevolezza, con gratitudine e con un rinnovato slancio collettivo.<\/p>\n\n\n\n<p>Grazie con tutto il cuore,<\/p>\n\n\n\n<p>La famiglia e la comunit\u00e0 dell\u2019Onda Fertile<\/p>\n","protected":false},"excerpt":{"rendered":"<p>Apprendiamo con dispiacere quanto avvenuto nell&#8217;azienda del nostro socio Mattia (profilo WWOOF: https:\/\/wwoof.it\/it\/host\/15171): possiamo immaginare lo sconcerto nel vedere andare in fumo anni di lavoro e di passione per la terra. Questo \u00e8 il messaggio che hanno lanciato sui social (https:\/\/www.facebook.com\/ondafertile): chi pu\u00f2 dare una mano sar\u00e0 di grande aiuto per tornare a fare dell&#8217;Onda [&hellip;]<\/p>\n","protected":false},"author":56955,"featured_media":23104,"comment_status":"closed","ping_status":"closed","sticky":false,"template":"","format":"standard","meta":{"_et_pb_use_builder":"off","_et_pb_old_content":"","_et_gb_content_width":"","wds_primary_category":1353,"footnotes":""},"categories":[1353,1478],"tags":[],"class_list":["post-23101","post","type-post","status-publish","format-standard","has-post-thumbnail","hentry","category-blog","category-i-nostri-soci"],"_links":{"self":[{"href":"https:\/\/org.wwoof.it\/it\/wp-json\/wp\/v2\/posts\/23101","targetHints":{"allow":["GET"]}}],"collection":[{"href":"https:\/\/org.wwoof.it\/it\/wp-json\/wp\/v2\/posts"}],"about":[{"href":"https:\/\/org.wwoof.it\/it\/wp-json\/wp\/v2\/types\/post"}],"author":[{"embeddable":true,"href":"https:\/\/org.wwoof.it\/it\/wp-json\/wp\/v2\/users\/56955"}],"replies":[{"embeddable":true,"href":"https:\/\/org.wwoof.it\/it\/wp-json\/wp\/v2\/comments?post=23101"}],"version-history":[{"count":1,"href":"https:\/\/org.wwoof.it\/it\/wp-json\/wp\/v2\/posts\/23101\/revisions"}],"predecessor-version":[{"id":23106,"href":"https:\/\/org.wwoof.it\/it\/wp-json\/wp\/v2\/posts\/23101\/revisions\/23106"}],"wp:featuredmedia":[{"embeddable":true,"href":"https:\/\/org.wwoof.it\/it\/wp-json\/wp\/v2\/media\/23104"}],"wp:attachment":[{"href":"https:\/\/org.wwoof.it\/it\/wp-json\/wp\/v2\/media?parent=23101"}],"wp:term":[{"taxonomy":"category","embeddable":true,"href":"https:\/\/org.wwoof.it\/it\/wp-json\/wp\/v2\/categories?post=23101"},{"taxonomy":"post_tag","embeddable":true,"href":"https:\/\/org.wwoof.it\/it\/wp-json\/wp\/v2\/tags?post=23101"}],"curies":[{"name":"wp","href":"https:\/\/api.w.org\/{rel}","templated":true}]}}