{"id":23176,"date":"2025-07-25T21:57:15","date_gmt":"2025-07-25T19:57:15","guid":{"rendered":"https:\/\/org.wwoof.it\/?p=23176"},"modified":"2025-07-25T22:15:47","modified_gmt":"2025-07-25T20:15:47","slug":"in-difesa-dei-contadini","status":"publish","type":"post","link":"https:\/\/org.wwoof.it\/it\/2025\/07\/in-difesa-dei-contadini\/","title":{"rendered":"In Difesa dei Contadini"},"content":{"rendered":"\n<h2 class=\"wp-block-heading\">un libro che invita a lottare per un futuro diverso<\/h2>\n\n\n\n<div style=\"height:43px\" aria-hidden=\"true\" class=\"wp-block-spacer\"><\/div>\n\n\n\n<p>IN DIFESA DEI CONTADINI, di Antonio Onorati. 2024, ed. AAM Terra Nuova, 246 p., 13\u20ac<\/p>\n\n\n\n<div style=\"height:43px\" aria-hidden=\"true\" class=\"wp-block-spacer\"><\/div>\n\n\n\n<p><em>\u00abSono proprio i contadini a poterci salvare dallo strapotere dell\u2019agroindustria, che vuole controllare la terra e le sementi, riducendo il cibo a una merce.\u00bb<\/em><\/p>\n\n\n\n<p>Questo testo, molto documentato, completo e aggiornatissimo, ci racconta le politiche agricole italiane ed europee, il loro intreccio con l\u2019industria e la finanza \u2013 attraverso i <em>futures<\/em> che impongono i prezzi agricoli, e non solo \u2013 , mostrandoci come l\u2019agroindustria sia l\u2019obiettivo che le politiche agricole dei decisori pubblici promuovono.<\/p>\n\n\n\n<p>Con il supporto di numeri e documenti, ci mostra il valore dell\u2019agricoltura contadina, che evita la dipendenza da input industriali e genera, oltre che prodotti, anche servizi ecosistemici. Troviamo molti approfondimenti sul ruolo del funzionamento della PAC, dei sindacati agricoli, di ISMEA e vari organismi statali, del famoso \u201cMade in Italy\u201d (prodotto con materie prime estere), sulla \u201cprotesta dei trattori\u201d, tradita e presa poi in mano dai grandi sindacati, la digitalizzazione e l\u2019agrivoltaico, nonch\u00e9 il tentativo di re-introdurre gli OGM attraverso la deregolamentazione degli NGT (detti TEA in Italia), che vengono propagandati come supporto prezioso agli agricoltori e alle imprese agricole.<\/p>\n\n\n\n<p><em>\u00abLa terra non \u00e8 il suolo, \u00e8 la vita stessa che vi \u00e8 racchiusa.\u00bb<\/em><\/p>\n\n\n\n<p><em>\u00abLa svolta ecologica \u00e8 un nodo fondamentale per innovare, non perch\u00e9 digitalizziamo, non perch\u00e9 usiamo l\u2019intelligenza artificiale, non perch\u00e9 usiamo il trattore che si guida da solo, ma perch\u00e9 lavorando con la natura si \u00e8 costretti a rinnovare, bisogna guardare i campi ogni giorno, ogni mese, ogni anno, guardare gli animali [\u2026..]\u00bb<\/em><\/p>\n\n\n\n<p>Antonio Onorati da decenni si batte per la difesa e la visibilit\u00e0 delle agricolture contadine. Fa parte dell\u2019<em>Associazione Rurale Italiana<\/em>, del <em>Coordinamento europeo Via Campesina<\/em> ed \u00e8 stato presidente del <em>Centro Internazionale Crocevia.<\/em><\/p>\n\n\n\n<div style=\"height:43px\" aria-hidden=\"true\" class=\"wp-block-spacer\"><\/div>\n\n\n\n<div class=\"wp-block-buttons is-content-justification-center is-layout-flex wp-container-core-buttons-is-layout-16018d1d wp-block-buttons-is-layout-flex\">\n<div class=\"wp-block-button\"><a class=\"wp-block-button__link wp-element-button\" href=\"https:\/\/www.terranuovalibri.it\/libro\/dettaglio\/antonio-onorati\/in-difesa-dei-contadini-9788866819943-236825.html\" target=\"_blank\" rel=\"noreferrer noopener\">vai al sito <\/a><\/div>\n<\/div>\n\n\n\n<div style=\"height:43px\" aria-hidden=\"true\" class=\"wp-block-spacer\"><\/div>\n\n\n\n<figure class=\"wp-block-image aligncenter size-full is-resized\"><img loading=\"lazy\" decoding=\"async\" width=\"463\" height=\"800\" src=\"https:\/\/org.wwoof.it\/wp-content\/uploads\/2025\/07\/in-difesa-dei-contadini-236825.jpg\" alt=\"\" class=\"wp-image-23177\" style=\"width:326px;height:auto\" srcset=\"https:\/\/org.wwoof.it\/wp-content\/uploads\/2025\/07\/in-difesa-dei-contadini-236825.jpg 463w, https:\/\/org.wwoof.it\/wp-content\/uploads\/2025\/07\/in-difesa-dei-contadini-236825-174x300.jpg 174w\" sizes=\"(max-width: 463px) 100vw, 463px\" \/><\/figure>\n\n\n\n<div style=\"height:43px\" aria-hidden=\"true\" class=\"wp-block-spacer\"><\/div>\n","protected":false},"excerpt":{"rendered":"<p>Antonio Onorati da decenni si batte per la difesa e la visibilit\u00e0 delle agricolture contadine. Fa parte dell\u2019Associazione Rurale Italiana, del Coordinamento europeo Via Campesina ed \u00e8 stato presidente del Centro Internazionale Crocevia.<\/p>\n","protected":false},"author":3,"featured_media":23179,"comment_status":"closed","ping_status":"closed","sticky":false,"template":"","format":"standard","meta":{"_et_pb_use_builder":"off","_et_pb_old_content":"","_et_gb_content_width":"","wds_primary_category":1423,"footnotes":""},"categories":[1423],"tags":[5921,438,5922],"class_list":["post-23176","post","type-post","status-publish","format-standard","has-post-thumbnail","hentry","category-dalle-nostre-reti","tag-antonio-onorati","tag-libri","tag-terra-nuova"],"_links":{"self":[{"href":"https:\/\/org.wwoof.it\/it\/wp-json\/wp\/v2\/posts\/23176","targetHints":{"allow":["GET"]}}],"collection":[{"href":"https:\/\/org.wwoof.it\/it\/wp-json\/wp\/v2\/posts"}],"about":[{"href":"https:\/\/org.wwoof.it\/it\/wp-json\/wp\/v2\/types\/post"}],"author":[{"embeddable":true,"href":"https:\/\/org.wwoof.it\/it\/wp-json\/wp\/v2\/users\/3"}],"replies":[{"embeddable":true,"href":"https:\/\/org.wwoof.it\/it\/wp-json\/wp\/v2\/comments?post=23176"}],"version-history":[{"count":2,"href":"https:\/\/org.wwoof.it\/it\/wp-json\/wp\/v2\/posts\/23176\/revisions"}],"predecessor-version":[{"id":23183,"href":"https:\/\/org.wwoof.it\/it\/wp-json\/wp\/v2\/posts\/23176\/revisions\/23183"}],"wp:featuredmedia":[{"embeddable":true,"href":"https:\/\/org.wwoof.it\/it\/wp-json\/wp\/v2\/media\/23179"}],"wp:attachment":[{"href":"https:\/\/org.wwoof.it\/it\/wp-json\/wp\/v2\/media?parent=23176"}],"wp:term":[{"taxonomy":"category","embeddable":true,"href":"https:\/\/org.wwoof.it\/it\/wp-json\/wp\/v2\/categories?post=23176"},{"taxonomy":"post_tag","embeddable":true,"href":"https:\/\/org.wwoof.it\/it\/wp-json\/wp\/v2\/tags?post=23176"}],"curies":[{"name":"wp","href":"https:\/\/api.w.org\/{rel}","templated":true}]}}