{"id":23771,"date":"2025-09-24T10:03:07","date_gmt":"2025-09-24T08:03:07","guid":{"rendered":"https:\/\/org.wwoof.it\/?p=23771"},"modified":"2025-11-10T12:16:17","modified_gmt":"2025-11-10T11:16:17","slug":"francia-2025-il-racconto-dellincontro-fowo","status":"publish","type":"post","link":"https:\/\/org.wwoof.it\/it\/2025\/09\/francia-2025-il-racconto-dellincontro-fowo\/","title":{"rendered":"Francia 2025, il racconto dell&#8217;incontro FoWO"},"content":{"rendered":"\n<p><strong>Les Amanins, 9-14 settembre 2025<\/strong><\/p>\n\n\n\n<p>Il fine estate del 2025 ha visto la grande famiglia WWOOF riunirsi di nuovo: sono passati due anni dall\u2019ultimo incontro internazionale in <a href=\"https:\/\/org.wwoof.it\/it\/2023\/10\/uno-sguardo-allincontro-wwoof-internazionale\/\" target=\"_blank\" rel=\"noreferrer noopener\">Canada<\/a> ed \u00e8 arrivato il momento di rivederci di nuovo di persona. I rappresentanti delle organizzazioni nazionali e lo staff di FoWO sono stati ospitati presso il centro educativo sull\u2019agroecologia <a href=\"https:\/\/wwoof.fr\/fr\/host\/1550-centre-agroecologique-avec-ferme-en-polyculture-elevage-certifiee-ab\" target=\"_blank\" rel=\"noreferrer noopener\">Les Amanins<\/a>, host WWOOF francese a sud di Lione. Grazie all\u2019organizzazione impeccabile di WWOOF Francia, c\u2019\u00e8 stato tempo sia per lunghe discussioni tematiche sia per visitare i dintorni e dare una mano in fattoria.<\/p>\n\n\n\n<figure class=\"wp-block-gallery has-nested-images columns-default is-cropped wp-block-gallery-1 is-layout-flex wp-block-gallery-is-layout-flex\">\n<figure class=\"wp-block-image size-large\"><img loading=\"lazy\" decoding=\"async\" width=\"768\" height=\"1024\" data-id=\"23774\" src=\"https:\/\/org.wwoof.it\/wp-content\/uploads\/2025\/09\/1000033213-768x1024.jpg\" alt=\"\" class=\"wp-image-23774\"\/><\/figure>\n\n\n\n<figure class=\"wp-block-image size-large\"><img loading=\"lazy\" decoding=\"async\" width=\"768\" height=\"1024\" data-id=\"23772\" src=\"https:\/\/org.wwoof.it\/wp-content\/uploads\/2025\/09\/1000033214-768x1024.jpg\" alt=\"\" class=\"wp-image-23772\"\/><\/figure>\n\n\n\n<figure class=\"wp-block-image size-large\"><img loading=\"lazy\" decoding=\"async\" width=\"683\" height=\"1024\" data-id=\"23776\" src=\"https:\/\/org.wwoof.it\/wp-content\/uploads\/2025\/09\/b416b105-b18a-427b-ac54-c73f34d4beba-683x1024.jpg\" alt=\"\" class=\"wp-image-23776\"\/><figcaption class=\"wp-element-caption\">foto credit Kevin Simon<\/figcaption><\/figure>\n<\/figure>\n\n\n\n<p><br>La riunione \u00e8 stata a dir poco molto partecipata: tra le mura in terra cruda dei dormitori, nel grande fienile allestito per la mensa e sotto le travi in legno della sala riunioni sono passati oltre 50 delegati, arrivati da 24 paesi diversi, nonch\u00e9 una folta squadra francese fatta di volontari, consiglieri e staff. In tutto una settantina di persone hanno avuto l\u2019occasione di rivedere vecchi amici o fare nuove conoscenze, e di approfondire i temi attuali della Federazione.<\/p>\n\n\n\n<figure class=\"wp-block-gallery has-nested-images columns-default is-cropped wp-block-gallery-2 is-layout-flex wp-block-gallery-is-layout-flex\">\n<figure class=\"wp-block-image size-large\"><img loading=\"lazy\" decoding=\"async\" width=\"1024\" height=\"683\" data-id=\"23782\" src=\"https:\/\/org.wwoof.it\/wp-content\/uploads\/2025\/09\/40aaced1-571e-462b-8f44-2b10a508fc2a-1024x683.jpg\" alt=\"\" class=\"wp-image-23782\" srcset=\"https:\/\/org.wwoof.it\/wp-content\/uploads\/2025\/09\/40aaced1-571e-462b-8f44-2b10a508fc2a-980x653.jpg 980w, https:\/\/org.wwoof.it\/wp-content\/uploads\/2025\/09\/40aaced1-571e-462b-8f44-2b10a508fc2a-480x320.jpg 480w\" sizes=\"(min-width: 0px) and (max-width: 480px) 480px, (min-width: 481px) and (max-width: 980px) 980px, (min-width: 981px) 1024px, 100vw\" \/><figcaption class=\"wp-element-caption\">foto credit Kevin Simon<\/figcaption><\/figure>\n\n\n\n<figure class=\"wp-block-image size-large\"><img loading=\"lazy\" decoding=\"async\" width=\"1024\" height=\"683\" data-id=\"23780\" src=\"https:\/\/org.wwoof.it\/wp-content\/uploads\/2025\/09\/6057b9cb-2dd1-4be7-85ea-3ae03b54fe40-1024x683.jpg\" alt=\"\" class=\"wp-image-23780\" srcset=\"https:\/\/org.wwoof.it\/wp-content\/uploads\/2025\/09\/6057b9cb-2dd1-4be7-85ea-3ae03b54fe40-980x653.jpg 980w, https:\/\/org.wwoof.it\/wp-content\/uploads\/2025\/09\/6057b9cb-2dd1-4be7-85ea-3ae03b54fe40-480x320.jpg 480w\" sizes=\"(min-width: 0px) and (max-width: 480px) 480px, (min-width: 481px) and (max-width: 980px) 980px, (min-width: 981px) 1024px, 100vw\" \/><figcaption class=\"wp-element-caption\">foto credit Kevin Simon<\/figcaption><\/figure>\n\n\n\n<figure class=\"wp-block-image size-large\"><img loading=\"lazy\" decoding=\"async\" width=\"1024\" height=\"768\" data-id=\"23793\" src=\"https:\/\/org.wwoof.it\/wp-content\/uploads\/2025\/09\/1000033215-1024x768.jpg\" alt=\"\" class=\"wp-image-23793\" srcset=\"https:\/\/org.wwoof.it\/wp-content\/uploads\/2025\/09\/1000033215-980x735.jpg 980w, https:\/\/org.wwoof.it\/wp-content\/uploads\/2025\/09\/1000033215-480x360.jpg 480w\" sizes=\"(min-width: 0px) and (max-width: 480px) 480px, (min-width: 481px) and (max-width: 980px) 980px, (min-width: 981px) 1024px, 100vw\" \/><\/figure>\n<\/figure>\n\n\n\n<p>La squadra italiana era composta da alcuni&nbsp; membri dello staff: Stana, Eszter e Francesco Bifulco. Un altro Francesco, Ciarimboli, il nostro proboviro eletto in marzo,&nbsp; ha completato la delegazione italiana. La sua partecipazione \u00e8 stata preziosa anche perch\u00e9 si \u00e8 dato disponibile a fornire consulenza legale a FoWO, in modo da assicurare una corretta applicazione delle leggi internazionali da parte della Federazione.&nbsp; Dall\u2019Italia, ma non parte della delegazione di WWOOF Italia, \u00e8 arrivato anche Basil, nel ruolo di coordinatore generale di FoWO.<\/p>\n\n\n\n<p>Il nostro staff \u00e8 stato attivamente coinvolto nelle presentazioni:&nbsp; siamo stati spesso in prima linea ad illustrare i risultati ottenuti dai vari gruppi di lavoro di FoWO. In pi\u00f9, durante il \u201cMomento di ispirazione\u201d, abbiamo portato l\u2019esperienza associativa di WWOOF Italia per dare spunti ad altre organizzazioni su come fare rete sul territorio e supportare le iniziative legate all\u2019agroecologia.<\/p>\n\n\n\n<figure class=\"wp-block-gallery has-nested-images columns-default is-cropped wp-block-gallery-3 is-layout-flex wp-block-gallery-is-layout-flex\">\n<figure class=\"wp-block-image size-large\"><img loading=\"lazy\" decoding=\"async\" width=\"1024\" height=\"683\" data-id=\"23785\" src=\"https:\/\/org.wwoof.it\/wp-content\/uploads\/2025\/09\/a1f68bc0-d585-4ee0-9dcf-701e83e3290e-1024x683.jpg\" alt=\"\" class=\"wp-image-23785\" srcset=\"https:\/\/org.wwoof.it\/wp-content\/uploads\/2025\/09\/a1f68bc0-d585-4ee0-9dcf-701e83e3290e-980x653.jpg 980w, https:\/\/org.wwoof.it\/wp-content\/uploads\/2025\/09\/a1f68bc0-d585-4ee0-9dcf-701e83e3290e-480x320.jpg 480w\" sizes=\"(min-width: 0px) and (max-width: 480px) 480px, (min-width: 481px) and (max-width: 980px) 980px, (min-width: 981px) 1024px, 100vw\" \/><figcaption class=\"wp-element-caption\">foto credit Kevin Simon<\/figcaption><\/figure>\n\n\n\n<figure class=\"wp-block-image size-large\"><img loading=\"lazy\" decoding=\"async\" width=\"1024\" height=\"576\" data-id=\"23787\" src=\"https:\/\/org.wwoof.it\/wp-content\/uploads\/2025\/09\/1000033216-1024x576.jpg\" alt=\"\" class=\"wp-image-23787\" srcset=\"https:\/\/org.wwoof.it\/wp-content\/uploads\/2025\/09\/1000033216-980x551.jpg 980w, https:\/\/org.wwoof.it\/wp-content\/uploads\/2025\/09\/1000033216-480x270.jpg 480w\" sizes=\"(min-width: 0px) and (max-width: 480px) 480px, (min-width: 481px) and (max-width: 980px) 980px, (min-width: 981px) 1024px, 100vw\" \/><\/figure>\n\n\n\n<figure class=\"wp-block-image size-large\"><img loading=\"lazy\" decoding=\"async\" width=\"1024\" height=\"683\" data-id=\"23789\" src=\"https:\/\/org.wwoof.it\/wp-content\/uploads\/2025\/09\/ef6244db-a168-4dd4-bb5f-7ea1a498f96a-1024x683.jpg\" alt=\"\" class=\"wp-image-23789\" srcset=\"https:\/\/org.wwoof.it\/wp-content\/uploads\/2025\/09\/ef6244db-a168-4dd4-bb5f-7ea1a498f96a-980x653.jpg 980w, https:\/\/org.wwoof.it\/wp-content\/uploads\/2025\/09\/ef6244db-a168-4dd4-bb5f-7ea1a498f96a-480x320.jpg 480w\" sizes=\"(min-width: 0px) and (max-width: 480px) 480px, (min-width: 481px) and (max-width: 980px) 980px, (min-width: 981px) 1024px, 100vw\" \/><figcaption class=\"wp-element-caption\">foto credit Kevin Simon<\/figcaption><\/figure>\n<\/figure>\n\n\n\n<p>Gli argomenti da approfondire erano tanti e corposi. Come promuovere l\u2019aspetto educativo e di condivisione delle esperienze WWOOF, quali sono le buone pratiche e le strategie future per rafforzare il movimento WWOOF, come misurare l\u2019impatto che il WWOOFing ha sulla vita quotidiana dei soci e sulla diffusione di pratiche agro ecologiche nel mondo\u2026&nbsp;<\/p>\n\n\n\n<div class=\"wp-block-buttons is-layout-flex wp-block-buttons-is-layout-flex\">\n<div class=\"wp-block-button\"><a class=\"wp-block-button__link has-luminous-vivid-orange-background-color has-background wp-element-button\" href=\"https:\/\/drive.google.com\/file\/d\/1MrxDLZKhzTksixaLDS-oEeb8jG_T-Sj5\/view?usp=drive_link\" target=\"_blank\" rel=\"noreferrer noopener\">Leggi il report<\/a><\/div>\n<\/div>\n\n\n\n<div style=\"height:51px\" aria-hidden=\"true\" class=\"wp-block-spacer\"><\/div>\n\n\n\n<figure class=\"wp-block-gallery has-nested-images columns-default is-cropped wp-block-gallery-4 is-layout-flex wp-block-gallery-is-layout-flex\">\n<figure class=\"wp-block-image size-large\"><img loading=\"lazy\" decoding=\"async\" width=\"1024\" height=\"683\" data-id=\"23791\" src=\"https:\/\/org.wwoof.it\/wp-content\/uploads\/2025\/09\/748ac34d-2179-415f-859d-894675dbf04f-1024x683.jpg\" alt=\"\" class=\"wp-image-23791\" srcset=\"https:\/\/org.wwoof.it\/wp-content\/uploads\/2025\/09\/748ac34d-2179-415f-859d-894675dbf04f-980x653.jpg 980w, https:\/\/org.wwoof.it\/wp-content\/uploads\/2025\/09\/748ac34d-2179-415f-859d-894675dbf04f-480x320.jpg 480w\" sizes=\"(min-width: 0px) and (max-width: 480px) 480px, (min-width: 481px) and (max-width: 980px) 980px, (min-width: 981px) 1024px, 100vw\" \/><figcaption class=\"wp-element-caption\">foto credit Kevin Simon<\/figcaption><\/figure>\n\n\n\n<figure class=\"wp-block-image size-large\"><img loading=\"lazy\" decoding=\"async\" width=\"1024\" height=\"768\" data-id=\"23795\" src=\"https:\/\/org.wwoof.it\/wp-content\/uploads\/2025\/09\/1000033217-1024x768.jpg\" alt=\"\" class=\"wp-image-23795\" srcset=\"https:\/\/org.wwoof.it\/wp-content\/uploads\/2025\/09\/1000033217-980x735.jpg 980w, https:\/\/org.wwoof.it\/wp-content\/uploads\/2025\/09\/1000033217-480x360.jpg 480w\" sizes=\"(min-width: 0px) and (max-width: 480px) 480px, (min-width: 481px) and (max-width: 980px) 980px, (min-width: 981px) 1024px, 100vw\" \/><\/figure>\n\n\n\n<figure class=\"wp-block-image size-large\"><img loading=\"lazy\" decoding=\"async\" width=\"1024\" height=\"766\" data-id=\"23797\" src=\"https:\/\/org.wwoof.it\/wp-content\/uploads\/2025\/09\/1000032200-1024x766.jpg\" alt=\"\" class=\"wp-image-23797\" srcset=\"https:\/\/org.wwoof.it\/wp-content\/uploads\/2025\/09\/1000032200-980x733.jpg 980w, https:\/\/org.wwoof.it\/wp-content\/uploads\/2025\/09\/1000032200-480x359.jpg 480w\" sizes=\"(min-width: 0px) and (max-width: 480px) 480px, (min-width: 481px) and (max-width: 980px) 980px, (min-width: 981px) 1024px, 100vw\" \/><\/figure>\n<\/figure>\n\n\n\n<p>Non sono mancati i momenti informali: oltre ai pasti condivisi c\u2019\u00e8 stato tempo per qualche visita guidata e assaggio di prodotti locali. A tavola, come capita anche ai raduni di WWOOF Italia, si continuava a parlare di WWOOF e di agricoltura \ud83d\ude09 <\/p>\n\n\n\n<p>I partecipanti hanno riportato nei loro paesi il calore e l\u2019entusiasmo di appartenere a questo gruppo, e la voglia di continuare ad arricchire il movimento WWOOF nel mondo.<\/p>\n","protected":false},"excerpt":{"rendered":"<p>Les Amanins, 9-14 settembre 2025 Il fine estate del 2025 ha visto la grande famiglia WWOOF riunirsi di nuovo: sono passati due anni dall\u2019ultimo incontro internazionale in Canada ed \u00e8 arrivato il momento di rivederci di nuovo di persona. I rappresentanti delle organizzazioni nazionali e lo staff di FoWO sono stati ospitati presso il centro [&hellip;]<\/p>\n","protected":false},"author":4,"featured_media":23799,"comment_status":"closed","ping_status":"closed","sticky":true,"template":"","format":"standard","meta":{"_et_pb_use_builder":"off","_et_pb_old_content":"","_et_gb_content_width":"","wds_primary_category":1423,"footnotes":""},"categories":[1423,1536],"tags":[585,3033],"class_list":["post-23771","post","type-post","status-publish","format-standard","has-post-thumbnail","hentry","category-dalle-nostre-reti","category-wwoof-nel-mondo","tag-fowo","tag-wwoof-nel-mondo"],"_links":{"self":[{"href":"https:\/\/org.wwoof.it\/it\/wp-json\/wp\/v2\/posts\/23771","targetHints":{"allow":["GET"]}}],"collection":[{"href":"https:\/\/org.wwoof.it\/it\/wp-json\/wp\/v2\/posts"}],"about":[{"href":"https:\/\/org.wwoof.it\/it\/wp-json\/wp\/v2\/types\/post"}],"author":[{"embeddable":true,"href":"https:\/\/org.wwoof.it\/it\/wp-json\/wp\/v2\/users\/4"}],"replies":[{"embeddable":true,"href":"https:\/\/org.wwoof.it\/it\/wp-json\/wp\/v2\/comments?post=23771"}],"version-history":[{"count":7,"href":"https:\/\/org.wwoof.it\/it\/wp-json\/wp\/v2\/posts\/23771\/revisions"}],"predecessor-version":[{"id":23915,"href":"https:\/\/org.wwoof.it\/it\/wp-json\/wp\/v2\/posts\/23771\/revisions\/23915"}],"wp:featuredmedia":[{"embeddable":true,"href":"https:\/\/org.wwoof.it\/it\/wp-json\/wp\/v2\/media\/23799"}],"wp:attachment":[{"href":"https:\/\/org.wwoof.it\/it\/wp-json\/wp\/v2\/media?parent=23771"}],"wp:term":[{"taxonomy":"category","embeddable":true,"href":"https:\/\/org.wwoof.it\/it\/wp-json\/wp\/v2\/categories?post=23771"},{"taxonomy":"post_tag","embeddable":true,"href":"https:\/\/org.wwoof.it\/it\/wp-json\/wp\/v2\/tags?post=23771"}],"curies":[{"name":"wp","href":"https:\/\/api.w.org\/{rel}","templated":true}]}}