{"id":25585,"date":"2026-03-06T12:44:54","date_gmt":"2026-03-06T11:44:54","guid":{"rendered":"https:\/\/org.wwoof.it\/?p=25585"},"modified":"2026-03-30T19:14:05","modified_gmt":"2026-03-30T17:14:05","slug":"incontro-locale-in-piemonte-come-e-andata-2","status":"publish","type":"post","link":"https:\/\/org.wwoof.it\/it\/2026\/03\/incontro-locale-in-piemonte-come-e-andata-2\/","title":{"rendered":"Incontro Locale in Piemonte: come \u00e8 andata"},"content":{"rendered":"\n<p><\/p>\n\n\n\n<figure class=\"wp-block-image size-large\"><img loading=\"lazy\" decoding=\"async\" width=\"768\" height=\"1024\" src=\"https:\/\/org.wwoof.it\/wp-content\/uploads\/2026\/03\/IMG-20260216-WA0001-768x1024.jpg\" alt=\"\" class=\"wp-image-25586\"\/><\/figure>\n\n\n\n<p><\/p>\n\n\n\n<p>Per quanto il rapporto tra host e WWOOFer rimanga il cuore della nostra associazione, sin dall\u2019inizio WWOOF Italia ha ritenuto fondamentali anche le relazioni che si stringono tra host e host. Sono i contadini stessi a sottolineare che infittire la rete di contatti a livello locale \u00e8 vitale, nel tipo di agricoltura naturale e di piccola scala che si propone, per poter dare continuit\u00e0 ai propri progetti.&nbsp;<\/p>\n\n\n\n<p>Sono tanti i coordinatori che, ogni anno, colgono questa necessit\u00e0 e organizzano incontri locali tra host WWOOF, ed \u00e8 sempre un piacere vedere la serie di scambi di informazioni, di prodotti, di idee che alla fine di queste giornate si sono intrecciati.<\/p>\n\n\n\n<p><\/p>\n\n\n\n<figure class=\"wp-block-image size-full\"><img loading=\"lazy\" decoding=\"async\" width=\"1024\" height=\"768\" src=\"https:\/\/org.wwoof.it\/wp-content\/uploads\/2026\/03\/tenuta-antica.jpg\" alt=\"\" class=\"wp-image-25589\" srcset=\"https:\/\/org.wwoof.it\/wp-content\/uploads\/2026\/03\/tenuta-antica.jpg 1024w, https:\/\/org.wwoof.it\/wp-content\/uploads\/2026\/03\/tenuta-antica-980x735.jpg 980w, https:\/\/org.wwoof.it\/wp-content\/uploads\/2026\/03\/tenuta-antica-480x360.jpg 480w\" sizes=\"(min-width: 0px) and (max-width: 480px) 480px, (min-width: 481px) and (max-width: 980px) 980px, (min-width: 981px) 1024px, 100vw\" \/><\/figure>\n\n\n\n<p><\/p>\n\n\n\n<p>Cos\u00ec Maria Pia, nostra coordinatrice in provincia di Asti, con una buona dose di energia e di tempo e l\u2019aiuto dello staff ha pensato di organizzare presso la sua azienda Tenuta Antica a Cessole un incontro che riunisse gli host delle province di Asti, Alessandria, Cuneo, Genova, e Savona. Gli host contattati sono stati pi\u00f9 di cento, e alla fine riuniti in cerchio nella sala in&nbsp; pietra a vista con il soffitto a volte eravamo quasi in trenta: un bel modo per portare dalle periferie idee e proposte all\u2019assemblea annuale, che si sarebbe tenuta dopo pochi giorni a fine febbraio.&nbsp;<br><\/p>\n\n\n\n<figure class=\"wp-block-image size-large\"><img loading=\"lazy\" decoding=\"async\" width=\"576\" height=\"1024\" src=\"https:\/\/org.wwoof.it\/wp-content\/uploads\/2026\/03\/IMG_20260216_135741447_HDR-576x1024.jpg\" alt=\"\" class=\"wp-image-25593\"\/><\/figure>\n\n\n\n<p><\/p>\n\n\n\n<p>In mattinata, dopo un giro di presentazioni l\u2019interesse principale \u00e8 stato proprio legato ai rapporti di WWOOFing: dubbi, precisazioni, commenti e sensazioni, dall\u2019ospitalit\u00e0 di WWOOFer minorenni e di famiglie alla sicurezza sul lavoro, da come comportarsi in caso di visita dell\u2019ispettorato del lavoro alle ultime novit\u00e0 (come ad esempio il lancio della APP WWOOF), dai momenti pi\u00f9 piacevoli vissuti con i volontari ai problemi che qualche volta sono nati con alcuni di loro. La presenza di persone che vivono il WWOOF da tanti anni (dalla stessa Maria Pia a Fabrizio che fa parte di staff e consiglio, fino a Isa e Filippo che sono coordinatori di province limitrofe) ha fatto in modo che ci fossero risposte per tutti.<\/p>\n\n\n\n<p><\/p>\n\n\n\n<figure class=\"wp-block-image size-full\"><img loading=\"lazy\" decoding=\"async\" width=\"800\" height=\"600\" src=\"https:\/\/org.wwoof.it\/wp-content\/uploads\/2026\/03\/noccioleto-3.jpg\" alt=\"\" class=\"wp-image-25590\" srcset=\"https:\/\/org.wwoof.it\/wp-content\/uploads\/2026\/03\/noccioleto-3.jpg 800w, https:\/\/org.wwoof.it\/wp-content\/uploads\/2026\/03\/noccioleto-3-480x360.jpg 480w\" sizes=\"(min-width: 0px) and (max-width: 480px) 480px, (min-width: 481px) 800px, 100vw\" \/><\/figure>\n\n\n\n<p><\/p>\n\n\n\n<p>Poi, il pranzo condiviso. Inutile sottolineare la qualit\u00e0: quando sono i contadini ad imbastire la tavola, difficilmente manca. Pi\u00f9 che altro, si \u00e8 capito di aver raggiunto lo scopo quando, tra un piatto e l\u2019altro, si sono visti girare parecchi bigliettini con contatti e numeri di telefono: il volto della rete, di cui si sente tanto parlare, si faceva concreto.&nbsp;<\/p>\n\n\n\n<p>Nel pomeriggio, c\u2019\u00e8 stato tempo perch\u00e9 chi ci ha accolto\u00a0 ci raccontasse la\u00a0 storia di quel luogo, che da vent&#8217;anni \u00e8 anche la loro storia: nelle parole di Mauro; la competenza e la passione per il vino, ricompensate da un prodotto davvero di alta qualit\u00e0. In quelle di Maria Pia, le fatiche e le soddisfazioni di questa larga fetta di vita dedicata alla terra, alla cura dell\u2019ospitalit\u00e0, a una crescita equilibrata dell\u2019attivit\u00e0, della famiglia, della bellezza. A loro va il nostro ringraziamento per questi momenti passati insieme, semi che speriamo possano germogliare in tanti altri incontri.<\/p>\n","protected":false},"excerpt":{"rendered":"<p>Per quanto il rapporto tra host e WWOOFer rimanga il cuore della nostra associazione, sin dall\u2019inizio WWOOF Italia ha ritenuto fondamentali anche le relazioni che si stringono tra host e host. Sono i contadini stessi a sottolineare che infittire la rete di contatti a livello locale \u00e8 vitale, nel tipo di agricoltura naturale e di [&hellip;]<\/p>\n","protected":false},"author":56955,"featured_media":25588,"comment_status":"closed","ping_status":"closed","sticky":true,"template":"","format":"standard","meta":{"_et_pb_use_builder":"off","_et_pb_old_content":"","_et_gb_content_width":"","wds_primary_category":1423,"footnotes":""},"categories":[1423,1356,1354],"tags":[],"class_list":["post-25585","post","type-post","status-publish","format-standard","has-post-thumbnail","hentry","category-dalle-nostre-reti","category-sul-territorio","category-vita-associativa"],"_links":{"self":[{"href":"https:\/\/org.wwoof.it\/it\/wp-json\/wp\/v2\/posts\/25585","targetHints":{"allow":["GET"]}}],"collection":[{"href":"https:\/\/org.wwoof.it\/it\/wp-json\/wp\/v2\/posts"}],"about":[{"href":"https:\/\/org.wwoof.it\/it\/wp-json\/wp\/v2\/types\/post"}],"author":[{"embeddable":true,"href":"https:\/\/org.wwoof.it\/it\/wp-json\/wp\/v2\/users\/56955"}],"replies":[{"embeddable":true,"href":"https:\/\/org.wwoof.it\/it\/wp-json\/wp\/v2\/comments?post=25585"}],"version-history":[{"count":2,"href":"https:\/\/org.wwoof.it\/it\/wp-json\/wp\/v2\/posts\/25585\/revisions"}],"predecessor-version":[{"id":25594,"href":"https:\/\/org.wwoof.it\/it\/wp-json\/wp\/v2\/posts\/25585\/revisions\/25594"}],"wp:featuredmedia":[{"embeddable":true,"href":"https:\/\/org.wwoof.it\/it\/wp-json\/wp\/v2\/media\/25588"}],"wp:attachment":[{"href":"https:\/\/org.wwoof.it\/it\/wp-json\/wp\/v2\/media?parent=25585"}],"wp:term":[{"taxonomy":"category","embeddable":true,"href":"https:\/\/org.wwoof.it\/it\/wp-json\/wp\/v2\/categories?post=25585"},{"taxonomy":"post_tag","embeddable":true,"href":"https:\/\/org.wwoof.it\/it\/wp-json\/wp\/v2\/tags?post=25585"}],"curies":[{"name":"wp","href":"https:\/\/api.w.org\/{rel}","templated":true}]}}