{"id":25662,"date":"2026-03-14T09:05:54","date_gmt":"2026-03-14T08:05:54","guid":{"rendered":"https:\/\/org.wwoof.it\/?p=25662"},"modified":"2026-03-18T10:02:15","modified_gmt":"2026-03-18T09:02:15","slug":"assemblea-wwoof-2026-posto-nuovo-stessa-energia","status":"publish","type":"post","link":"https:\/\/org.wwoof.it\/it\/2026\/03\/assemblea-wwoof-2026-posto-nuovo-stessa-energia\/","title":{"rendered":"Assemblea WWOOF 2026: posto nuovo, stessa energia"},"content":{"rendered":"\n<p><\/p>\n\n\n\n<figure class=\"wp-block-image size-large\"><img loading=\"lazy\" decoding=\"async\" width=\"1024\" height=\"768\" src=\"https:\/\/org.wwoof.it\/wp-content\/uploads\/2026\/03\/Copia-di-IMG20260228104920-1024x768.jpg\" alt=\"L'assemblea durante il raduno.\" class=\"wp-image-25680\" srcset=\"https:\/\/org.wwoof.it\/wp-content\/uploads\/2026\/03\/Copia-di-IMG20260228104920-980x735.jpg 980w, https:\/\/org.wwoof.it\/wp-content\/uploads\/2026\/03\/Copia-di-IMG20260228104920-480x360.jpg 480w\" sizes=\"(min-width: 0px) and (max-width: 480px) 480px, (min-width: 481px) and (max-width: 980px) 980px, (min-width: 981px) 1024px, 100vw\" \/><figcaption class=\"wp-element-caption\">Un momento dell&#8217;assemblea durante il raduno 2026 a Massa Marittima<\/figcaption><\/figure>\n\n\n\n<div class=\"wp-block-buttons is-content-justification-center is-layout-flex wp-container-core-buttons-is-layout-16018d1d wp-block-buttons-is-layout-flex\">\n<div class=\"wp-block-button\"><a class=\"wp-block-button__link wp-element-button\" href=\"https:\/\/docs.google.com\/document\/d\/19mczC0TnvaxTdyc7RnODD6cKIbl-bbjkeOL4faJhicY\/edit?usp=sharing\" target=\"_blank\" rel=\"noreferrer noopener nofollow\">Il Verbale dell&#8217;assemblea<\/a><\/div>\n<\/div>\n\n\n\n<p>Dopo quattro anni a Fano, l\u2019assemblea \u00e8 tornata quest\u2019anno sulla sponda tirrenica. Forse perch\u00e8 WWOOF Italia \u00e8 nato da queste parti, forse perch\u00e8 qui c\u2019\u00e8 la maggiore concentrazione di host, non avevamo dubbi che la Toscana avrebbe saputo accogliere con calore il nostro raduno, e i soci che hanno partecipato ne hanno avuto conferma. Per chi segue questi incontri solo attraverso resoconti come questo che pubblichiamo sul nostro sito, pu\u00f2 sembrare che siano pi\u00f9 o meno tutti uguali: chi partecipa, vive invece ogni anno esperienze e sensazioni diverse. Vediamo quali sono state quelle di quest\u2019anno.<br><\/p>\n\n\n\n<figure class=\"wp-block-gallery has-nested-images columns-default is-cropped wp-block-gallery-1 is-layout-flex wp-block-gallery-is-layout-flex\">\n<figure class=\"wp-block-image size-large\"><img loading=\"lazy\" decoding=\"async\" width=\"1024\" height=\"768\" data-id=\"25676\" src=\"https:\/\/org.wwoof.it\/wp-content\/uploads\/2026\/03\/Copia-di-IMG20260226101407-1024x768.jpg\" alt=\"\" class=\"wp-image-25676\" srcset=\"https:\/\/org.wwoof.it\/wp-content\/uploads\/2026\/03\/Copia-di-IMG20260226101407-980x735.jpg 980w, https:\/\/org.wwoof.it\/wp-content\/uploads\/2026\/03\/Copia-di-IMG20260226101407-480x360.jpg 480w\" sizes=\"(min-width: 0px) and (max-width: 480px) 480px, (min-width: 481px) and (max-width: 980px) 980px, (min-width: 981px) 1024px, 100vw\" \/><figcaption class=\"wp-element-caption\">La Comunit\u00e0 di consiglio<\/figcaption><\/figure>\n\n\n\n<figure class=\"wp-block-image size-large\"><img loading=\"lazy\" decoding=\"async\" width=\"768\" height=\"1024\" data-id=\"25677\" src=\"https:\/\/org.wwoof.it\/wp-content\/uploads\/2026\/03\/Copia-di-IMG20260226101439-768x1024.jpg\" alt=\"\" class=\"wp-image-25677\"\/><figcaption class=\"wp-element-caption\">Argomenti affrontati durante la Co.co.<\/figcaption><\/figure>\n<\/figure>\n\n\n\n<p><\/p>\n\n\n\n<h2 class=\"wp-block-heading\">Concretezza<\/h2>\n\n\n\n<p><\/p>\n\n\n\n<p>Una ventina di persone sedute in cerchio. Nell\u2019ordine del giorno, hanno dodici punti di&nbsp; cui parlare.&nbsp; E tutta la giornata del gioved\u00ec a disposizione per farlo. E\u2019 cos\u00ec che si \u00e8 svolta la prima giornata del raduno, dedicata alla Comunit\u00e0 di Consiglio. Da pi\u00f9 voci, nelle chiacchiere di corridoio in serata, saltava fuori la soddisfazione di aver concluso una giornata impegnativa portando a casa qualcosa: non \u00e8 nello spirito contadino fare troppe chiacchiere senza concretizzare. E ora, al lavoro per mettere in pratica le idee che sono venute fuori: dalla richiesta di maggior visibilit\u00e0 da parte degli host che non usano internet alle proposte per il nuovo calendario, dalle riflessioni sull\u2019utilizzo delle testimonianze all\u2019organizzazione dei prossimi incontri WWOOF.<br><\/p>\n\n\n\n<figure class=\"wp-block-gallery has-nested-images columns-default is-cropped wp-block-gallery-2 is-layout-flex wp-block-gallery-is-layout-flex\">\n<figure class=\"wp-block-image size-large\"><img loading=\"lazy\" decoding=\"async\" width=\"768\" height=\"1024\" data-id=\"25671\" src=\"https:\/\/org.wwoof.it\/wp-content\/uploads\/2026\/03\/Copia-di-IMG20260227104108-768x1024.jpg\" alt=\"\" class=\"wp-image-25671\"\/><figcaption class=\"wp-element-caption\">Attivit\u00e0 con i coordinatori<\/figcaption><\/figure>\n\n\n\n<figure class=\"wp-block-image size-large\"><img loading=\"lazy\" decoding=\"async\" width=\"768\" height=\"1024\" data-id=\"25678\" src=\"https:\/\/org.wwoof.it\/wp-content\/uploads\/2026\/03\/Copia-di-IMG20260228114634-1-768x1024.jpg\" alt=\"\" class=\"wp-image-25678\"\/><figcaption class=\"wp-element-caption\">Momento assembleare del raduno.<\/figcaption><\/figure>\n<\/figure>\n\n\n\n<p><\/p>\n\n\n\n<h2 class=\"wp-block-heading\">Equilibrio<\/h2>\n\n\n\n<div class=\"wp-block-group is-nowrap is-layout-flex wp-container-core-group-is-layout-ad2f72ca wp-block-group-is-layout-flex\">\n<p><\/p>\n<\/div>\n\n\n\n<p>Fil rouge di queste giornate, \u00e8 stato l\u2019accompagnamento alle varie discussioni fatto dal gruppo che quest\u2019anno ha partecipato alla formazione con Marta ed Elenia riguardo alla facilitazione. Ringraziamo Marcella, Stana, Ines e Giovanni per averci aiutato a mantenere dritta la barra dei nostri discorsi, invitando a una comunicazione efficace e rispettosa. Non \u00e8 banale, in gruppi cos\u00ec numerosi, trovare l\u2019equilibrio tra l\u2019esigenza di far esprimere ad ognuno il proprio pensiero e il bisogno che questo venga fatto in maniera corretta e proficua.\u00a0 E un grazie va anche a Ciro, per aver (ri)animato il cerchio dei coordinatori che si \u00e8 riunito il venerd\u00ec mattina: \u00e8 stato importante contarsi (la mappa dell\u2019Italia si \u00e8 popolata dei coordinatori attivi in ogni regione), darsi degli obiettivi (trovare tutto il tempo necessario\u00a0 per immaginare l\u2019identikit dell\u2019host che ci piacerebbe avere in WWOOF), ripassare gli strumenti utili al coordinatore.<br><\/p>\n\n\n\n<figure class=\"wp-block-gallery has-nested-images columns-default is-cropped wp-block-gallery-3 is-layout-flex wp-block-gallery-is-layout-flex\">\n<figure class=\"wp-block-image size-large\"><img loading=\"lazy\" decoding=\"async\" width=\"768\" height=\"1024\" data-id=\"25675\" src=\"https:\/\/org.wwoof.it\/wp-content\/uploads\/2026\/03\/Copia-di-IMG20260226112826-768x1024.jpg\" alt=\"\" class=\"wp-image-25675\"\/><figcaption class=\"wp-element-caption\">Cartelli espositivi sul tema dell&#8217;acqua (grazie a Isa!).<\/figcaption><\/figure>\n<\/figure>\n\n\n\n<h2 class=\"wp-block-heading\"><\/h2>\n\n\n\n<p><\/p>\n\n\n\n<h2 class=\"wp-block-heading\">Operosit\u00e0<\/h2>\n\n\n\n<p><\/p>\n\n\n\n<p>Poi, come sempre, lo sguardo si \u00e8 alzato a ci\u00f2 che il WWOOF pu\u00f2 fare oltre al WWOOFing: una serie di progetti che abbiamo sostenuto nel 2025, che si aprono ad altri che sosterremo nel 2026. Quest\u2019anno abbiamo voluto dedicare il raduno ad un elemento vitale che \u00e8 da sempre linfa per le nostre terre e che sempre pi\u00f9 spesso \u00e8 invece diventato negli ultimi tempi causa di grandi problemi: l\u2019acqua. A volte \u00e8 troppa: sta nascendo allora al nostro interno un gruppo di mutuo aiuto che dia una mano in caso di forti problemi idrogeologici, in collaborazione con Terra Liquida, un gruppo nato dal basso in seguito alle recenti alluvioni in Emilia Romagna. Altre volte \u00e8 troppo poca, e il nostro socio Paolo Ermani ci ha illustrato come gli orti autoirriganti possano essere una delle soluzioni da mettere in campo in caso di siccit\u00e0. Orientarsi in cammino, Gestione Olistica Italia, i progetti del bando \u201ccrescono con noi\u201d: sono tanti i modi in cui operando insieme si possono trovare modi di diffondere pratiche virtuose per rendere migliore il mondo che ci circonda.<br><\/p>\n\n\n\n<figure class=\"wp-block-gallery has-nested-images columns-default is-cropped wp-block-gallery-4 is-layout-flex wp-block-gallery-is-layout-flex\">\n<figure class=\"wp-block-image size-large\"><img loading=\"lazy\" decoding=\"async\" width=\"1024\" height=\"768\" data-id=\"25667\" src=\"https:\/\/org.wwoof.it\/wp-content\/uploads\/2026\/03\/Copia-di-IMG20260228104900-1024x768.jpg\" alt=\"\" class=\"wp-image-25667\" srcset=\"https:\/\/org.wwoof.it\/wp-content\/uploads\/2026\/03\/Copia-di-IMG20260228104900-980x735.jpg 980w, https:\/\/org.wwoof.it\/wp-content\/uploads\/2026\/03\/Copia-di-IMG20260228104900-480x360.jpg 480w\" sizes=\"(min-width: 0px) and (max-width: 480px) 480px, (min-width: 481px) and (max-width: 980px) 980px, (min-width: 981px) 1024px, 100vw\" \/><figcaption class=\"wp-element-caption\">Tutti in ascolto durante l&#8217;assemblea<\/figcaption><\/figure>\n\n\n\n<figure class=\"wp-block-image size-large\"><img loading=\"lazy\" decoding=\"async\" width=\"768\" height=\"1024\" data-id=\"25666\" src=\"https:\/\/org.wwoof.it\/wp-content\/uploads\/2026\/03\/Copia-di-IMG20260228110500-768x1024.jpg\" alt=\"\" class=\"wp-image-25666\"\/><figcaption class=\"wp-element-caption\">Arturo Federico interviene durante l&#8217;assemblea.<\/figcaption><\/figure>\n<\/figure>\n\n\n\n<h2 class=\"wp-block-heading\"><\/h2>\n\n\n\n<p><\/p>\n\n\n\n<h2 class=\"wp-block-heading\">Fiducia<\/h2>\n\n\n\n<p><\/p>\n\n\n\n<p>L\u2019associazione WWOOF Italia sta bene. Lo testimoniano il bilancio consuntivo in positivo, la lenta crescita dei soci e dello staff (ringraziamo Eszter che ci lascer\u00e0 dopo tanti anni, Maria Paola e Chiara la sostituiranno), le proposte di spesa del bilancio consuntivo con maggiori fondi destinati alla progettualit\u00e0, la stretta cooperazione internazionale con FoWO. Chi partecipa le prime volte, rimane quasi stupito delle larghe maggioranze favorevoli durante le votazioni (a volte necessarie come in questo caso per portare aggiornamenti al regolamento): ma \u00e8 segno del clima di generale fiducia della base associativa, capace di inglobare il dissenso in un processo di crescita comune.<br><\/p>\n\n\n\n<figure class=\"wp-block-gallery has-nested-images columns-default is-cropped wp-block-gallery-5 is-layout-flex wp-block-gallery-is-layout-flex\">\n<figure class=\"wp-block-image size-large\"><img loading=\"lazy\" decoding=\"async\" width=\"1024\" height=\"768\" data-id=\"25669\" src=\"https:\/\/org.wwoof.it\/wp-content\/uploads\/2026\/03\/Copia-di-IMG20260227211202-1-1024x768.jpg\" alt=\"\" class=\"wp-image-25669\" srcset=\"https:\/\/org.wwoof.it\/wp-content\/uploads\/2026\/03\/Copia-di-IMG20260227211202-1-980x735.jpg 980w, https:\/\/org.wwoof.it\/wp-content\/uploads\/2026\/03\/Copia-di-IMG20260227211202-1-480x360.jpg 480w\" sizes=\"(min-width: 0px) and (max-width: 480px) 480px, (min-width: 481px) and (max-width: 980px) 980px, (min-width: 981px) 1024px, 100vw\" \/><figcaption class=\"wp-element-caption\">Ciro e i suoi carciofi alla brace!<\/figcaption><\/figure>\n\n\n\n<figure class=\"wp-block-image size-large\"><img loading=\"lazy\" decoding=\"async\" width=\"1024\" height=\"768\" data-id=\"25665\" src=\"https:\/\/org.wwoof.it\/wp-content\/uploads\/2026\/03\/Copia-di-IMG20260228141343-1024x768.jpg\" alt=\"\" class=\"wp-image-25665\" srcset=\"https:\/\/org.wwoof.it\/wp-content\/uploads\/2026\/03\/Copia-di-IMG20260228141343-980x735.jpg 980w, https:\/\/org.wwoof.it\/wp-content\/uploads\/2026\/03\/Copia-di-IMG20260228141343-480x360.jpg 480w\" sizes=\"(min-width: 0px) and (max-width: 480px) 480px, (min-width: 481px) and (max-width: 980px) 980px, (min-width: 981px) 1024px, 100vw\" \/><figcaption class=\"wp-element-caption\">Tutti a tavola<\/figcaption><\/figure>\n\n\n\n<figure class=\"wp-block-image size-large\"><img loading=\"lazy\" decoding=\"async\" width=\"1024\" height=\"768\" data-id=\"25664\" src=\"https:\/\/org.wwoof.it\/wp-content\/uploads\/2026\/03\/Copia-di-IMG20260228221107-1024x768.jpg\" alt=\"\" class=\"wp-image-25664\" srcset=\"https:\/\/org.wwoof.it\/wp-content\/uploads\/2026\/03\/Copia-di-IMG20260228221107-980x735.jpg 980w, https:\/\/org.wwoof.it\/wp-content\/uploads\/2026\/03\/Copia-di-IMG20260228221107-480x360.jpg 480w\" sizes=\"(min-width: 0px) and (max-width: 480px) 480px, (min-width: 481px) and (max-width: 980px) 980px, (min-width: 981px) 1024px, 100vw\" \/><figcaption class=\"wp-element-caption\">E&#8217; il momento di festa!<\/figcaption><\/figure>\n\n\n\n<figure class=\"wp-block-image size-large\"><img loading=\"lazy\" decoding=\"async\" width=\"1024\" height=\"768\" data-id=\"25663\" src=\"https:\/\/org.wwoof.it\/wp-content\/uploads\/2026\/03\/Copia-di-IMG20260228221331-1024x768.jpg\" alt=\"\" class=\"wp-image-25663\" srcset=\"https:\/\/org.wwoof.it\/wp-content\/uploads\/2026\/03\/Copia-di-IMG20260228221331-980x735.jpg 980w, https:\/\/org.wwoof.it\/wp-content\/uploads\/2026\/03\/Copia-di-IMG20260228221331-480x360.jpg 480w\" sizes=\"(min-width: 0px) and (max-width: 480px) 480px, (min-width: 481px) and (max-width: 980px) 980px, (min-width: 981px) 1024px, 100vw\" \/><figcaption class=\"wp-element-caption\">Danze e divertimento del sabato sera<\/figcaption><\/figure>\n<\/figure>\n\n\n\n<h2 class=\"wp-block-heading\"><\/h2>\n\n\n\n<p><\/p>\n\n\n\n<h2 class=\"wp-block-heading\">Star bene insieme<\/h2>\n\n\n\n<p><\/p>\n\n\n\n<p>Notiamo con piacere che chi ha modo di partecipare ad un&#8217;assemblea poi continuer\u00e0 a farlo anche negli anni successivi. Certo, sar\u00e0 per l\u2019energia positiva e le idee che ci portano via dopo le tante ore di riunione. Ma non ci nascondiamo che lo zampino probabilmente ce lo mettono anche i piatti che escono dalla cucina di Federica (quest\u2019anno: menzione speciale per il caciocavallo impiccato di Pauline e Marco e i carciofi alla brace di Ciro); l\u2019organizzazione perfetta di Stana; i balli popolari del dopo cena del sabato (seconda menzione speciale di quest\u2019anno: l\u2019ottava rima improvvisata da Irene Marconi, sindaca di Massa Marittima passata a darci il benvenuto); il mercato contadino della domenica mattina. Un grazie cumulativo a tutti quelli che si sono impegnati per la riuscita di queste giornate: non resta che darsi appuntamento al raduno autunnale e poi, ancora, all\u2019assemblea del 2027!<br><\/p>\n\n\n\n<div class=\"wp-block-buttons is-content-justification-center is-layout-flex wp-container-core-buttons-is-layout-16018d1d wp-block-buttons-is-layout-flex\">\n<div class=\"wp-block-button\"><a class=\"wp-block-button__link wp-element-button\" href=\"https:\/\/docs.google.com\/document\/d\/19mczC0TnvaxTdyc7RnODD6cKIbl-bbjkeOL4faJhicY\/edit?usp=sharing\" target=\"_blank\" rel=\"noreferrer noopener nofollow\">Il Verbale dell&#8217;assemblea<\/a><\/div>\n<\/div>\n","protected":false},"excerpt":{"rendered":"<p>Dopo quattro anni a Fano, l\u2019assemblea \u00e8 tornata quest\u2019anno sulla sponda tirrenica. Forse perch\u00e8 WWOOF Italia \u00e8 nato da queste parti, forse perch\u00e8 qui c\u2019\u00e8 la maggiore concentrazione di host, non avevamo dubbi che la Toscana avrebbe saputo accogliere con calore il nostro raduno, e i soci che hanno partecipato ne hanno avuto conferma. Per [&hellip;]<\/p>\n","protected":false},"author":56955,"featured_media":25690,"comment_status":"closed","ping_status":"closed","sticky":true,"template":"","format":"standard","meta":{"_et_pb_use_builder":"off","_et_pb_old_content":"","_et_gb_content_width":"","wds_primary_category":15,"footnotes":""},"categories":[15,2001,1354],"tags":[],"class_list":["post-25662","post","type-post","status-publish","format-standard","has-post-thumbnail","hentry","category-assemblea-generale","category-in-primo-piano","category-vita-associativa"],"_links":{"self":[{"href":"https:\/\/org.wwoof.it\/it\/wp-json\/wp\/v2\/posts\/25662","targetHints":{"allow":["GET"]}}],"collection":[{"href":"https:\/\/org.wwoof.it\/it\/wp-json\/wp\/v2\/posts"}],"about":[{"href":"https:\/\/org.wwoof.it\/it\/wp-json\/wp\/v2\/types\/post"}],"author":[{"embeddable":true,"href":"https:\/\/org.wwoof.it\/it\/wp-json\/wp\/v2\/users\/56955"}],"replies":[{"embeddable":true,"href":"https:\/\/org.wwoof.it\/it\/wp-json\/wp\/v2\/comments?post=25662"}],"version-history":[{"count":10,"href":"https:\/\/org.wwoof.it\/it\/wp-json\/wp\/v2\/posts\/25662\/revisions"}],"predecessor-version":[{"id":25779,"href":"https:\/\/org.wwoof.it\/it\/wp-json\/wp\/v2\/posts\/25662\/revisions\/25779"}],"wp:featuredmedia":[{"embeddable":true,"href":"https:\/\/org.wwoof.it\/it\/wp-json\/wp\/v2\/media\/25690"}],"wp:attachment":[{"href":"https:\/\/org.wwoof.it\/it\/wp-json\/wp\/v2\/media?parent=25662"}],"wp:term":[{"taxonomy":"category","embeddable":true,"href":"https:\/\/org.wwoof.it\/it\/wp-json\/wp\/v2\/categories?post=25662"},{"taxonomy":"post_tag","embeddable":true,"href":"https:\/\/org.wwoof.it\/it\/wp-json\/wp\/v2\/tags?post=25662"}],"curies":[{"name":"wp","href":"https:\/\/api.w.org\/{rel}","templated":true}]}}