{"id":25749,"date":"2026-03-17T11:38:41","date_gmt":"2026-03-17T10:38:41","guid":{"rendered":"https:\/\/org.wwoof.it\/?p=25749"},"modified":"2026-03-30T19:01:29","modified_gmt":"2026-03-30T17:01:29","slug":"campagna-di-semina-primaverile-2026","status":"publish","type":"post","link":"https:\/\/org.wwoof.it\/it\/2026\/03\/campagna-di-semina-primaverile-2026\/","title":{"rendered":"Campagna di Semina Primaverile 2026"},"content":{"rendered":"\n<h2 class=\"wp-block-heading\">\ud83c\udf31 Seminiamo il Futuro: Dal 17 al 30 Marzo puoi partecipare alla Campagna \ud83c\udf3b<\/h2>\n\n\n\n<p>C&#8217;\u00e8 un gesto pi\u00f9 rivoluzionario di mettere un seme in terra? Farlo insieme a centinaia di altre persone, custodi della biodiversit\u00e0 in tutta Italia.<\/p>\n\n\n\n<p>Anche quest&#8217;anno, <strong>Rete Semi Rurali<\/strong> lancia la sua <strong>Campagna di Semina Primavera 2026<\/strong> e noi di <strong>WWOOF Italia<\/strong> non possiamo che invitare i nostri soci a sporcarsi le mani!<\/p>\n\n\n\n<h3 class=\"wp-block-heading\">\u2728 Di cosa si tratta?<\/h3>\n\n\n\n<p>La Campagna di Semina non \u00e8 solo un acquisto di semi, ma un atto di <strong>ricerca partecipata<\/strong>. Ricevendo le sementi o i miscugli di sementi (come quelli di popolazioni evolutive), ogni agricoltore o appassionato diventa un tassello fondamentale per la salvaguardia delle variet\u00e0 locali e per l&#8217;adattamento ai cambiamenti climatici.<\/p>\n\n\n\n<h3 class=\"wp-block-heading\">\ud83d\ude9c Perch\u00e9 partecipare come WWOOFer o Host?<\/h3>\n\n\n\n<ul class=\"wp-block-list\">\n<li><strong>Per gli Host:<\/strong> \u00c8 l&#8217;occasione per arricchire i propri campi con sementi che portano con s\u00e9 una storia e una resilienza uniche.<\/li>\n\n\n\n<li><strong>Per i WWOOFer:<\/strong> \u00c8 un&#8217;opportunit\u00e0 di apprendimento incredibile: vedere come cresce una popolazione diversificata \u00e8 una lezione di agronomia che non si trova nei libri.<\/li>\n\n\n\n<li><strong>Per la Rete:<\/strong> Pi\u00f9 siamo a seminare, pi\u00f9 i semi imparano ad adattarsi ai diversi climi e territori italiani.<\/li>\n<\/ul>\n\n\n\n<h3 class=\"wp-block-heading\">\ud83d\udce6 Cosa puoi seminare?<\/h3>\n\n\n\n<p>La campagna propone diverse opzioni, dai miscugli di cereali alle variet\u00e0 orticole, pensate per chi vuole uscire dall&#8217;omologazione industriale e riscoprire i sapori e i profumi della terra vera.<\/p>\n\n\n\n<h3 class=\"wp-block-heading\">\ud83d\udcc5 Come aderire:<\/h3>\n\n\n\n<p>Le semine primaverili non aspettano! <strong>Dal 17 al 30 Marzo<\/strong> visitate il sito di Rete Semi Rurali per scoprire i kit disponibili e come riceverli direttamente nella vostra fattoria o a casa.<\/p>\n\n\n\n<p>\ud83d\udc49 <strong>Tutte le info e i dettagli qui:<\/strong> <a target=\"_blank\" rel=\"noreferrer noopener\" href=\"https:\/\/rsr.bio\/campagna-di-semina-primavera-2026\/\">rsr.bio\/campagna-di-semina-primavera-2026\/<\/a><\/p>\n","protected":false},"excerpt":{"rendered":"<p>\ud83c\udf31 Seminiamo il Futuro: Dal 17 al 30 Marzo puoi partecipare alla Campagna \ud83c\udf3b C&#8217;\u00e8 un gesto pi\u00f9 rivoluzionario di mettere un seme in terra? Farlo insieme a centinaia di altre persone, custodi della biodiversit\u00e0 in tutta Italia. Anche quest&#8217;anno, Rete Semi Rurali lancia la sua Campagna di Semina Primavera 2026 e noi di WWOOF [&hellip;]<\/p>\n","protected":false},"author":1,"featured_media":25740,"comment_status":"closed","ping_status":"closed","sticky":true,"template":"","format":"standard","meta":{"_et_pb_use_builder":"off","_et_pb_old_content":"","_et_gb_content_width":"","wds_primary_category":1423,"footnotes":""},"categories":[1423],"tags":[],"class_list":["post-25749","post","type-post","status-publish","format-standard","has-post-thumbnail","hentry","category-dalle-nostre-reti"],"_links":{"self":[{"href":"https:\/\/org.wwoof.it\/it\/wp-json\/wp\/v2\/posts\/25749","targetHints":{"allow":["GET"]}}],"collection":[{"href":"https:\/\/org.wwoof.it\/it\/wp-json\/wp\/v2\/posts"}],"about":[{"href":"https:\/\/org.wwoof.it\/it\/wp-json\/wp\/v2\/types\/post"}],"author":[{"embeddable":true,"href":"https:\/\/org.wwoof.it\/it\/wp-json\/wp\/v2\/users\/1"}],"replies":[{"embeddable":true,"href":"https:\/\/org.wwoof.it\/it\/wp-json\/wp\/v2\/comments?post=25749"}],"version-history":[{"count":1,"href":"https:\/\/org.wwoof.it\/it\/wp-json\/wp\/v2\/posts\/25749\/revisions"}],"predecessor-version":[{"id":25750,"href":"https:\/\/org.wwoof.it\/it\/wp-json\/wp\/v2\/posts\/25749\/revisions\/25750"}],"wp:featuredmedia":[{"embeddable":true,"href":"https:\/\/org.wwoof.it\/it\/wp-json\/wp\/v2\/media\/25740"}],"wp:attachment":[{"href":"https:\/\/org.wwoof.it\/it\/wp-json\/wp\/v2\/media?parent=25749"}],"wp:term":[{"taxonomy":"category","embeddable":true,"href":"https:\/\/org.wwoof.it\/it\/wp-json\/wp\/v2\/categories?post=25749"},{"taxonomy":"post_tag","embeddable":true,"href":"https:\/\/org.wwoof.it\/it\/wp-json\/wp\/v2\/tags?post=25749"}],"curies":[{"name":"wp","href":"https:\/\/api.w.org\/{rel}","templated":true}]}}