{"id":6376,"date":"2021-11-03T11:05:03","date_gmt":"2021-11-03T11:05:03","guid":{"rendered":"https:\/\/org.wwoof.it\/?p=6376"},"modified":"2021-11-05T18:15:35","modified_gmt":"2021-11-05T18:15:35","slug":"tessere-la-rete-lincontro-a-montebrugiana-ms","status":"publish","type":"post","link":"https:\/\/org.wwoof.it\/it\/2021\/11\/tessere-la-rete-lincontro-a-montebrugiana-ms\/","title":{"rendered":"Tessere la Rete &#8211; l&#8217;incontro a Montebrugiana (MS)"},"content":{"rendered":"\n<p>Ogni incontro di questo tipo si fonda su due elementi essenziali: un luogo accogliente ed ospitale e un paziente e tenace tessitore.<\/p>\n\n\n\n<p>Antonella e Paolo hanno proveduto alla calorosa ospitalit\u00e0 mettendo a disposizione gli spazi del loro bellissimo posto. Il Centro Trekking a Cavallo Montebrugiana d\u00e0 subito idea della sapienza con cui \u00e8 stato concepito: l&#8217;aia, costruita in pietra a secco \u00e8 circondata da muri ed edifici costruiti con la stessa tecnica.<\/p>\n\n\n\n<figure class=\"wp-block-image size-large\"><img loading=\"lazy\" decoding=\"async\" width=\"1024\" height=\"766\" src=\"https:\/\/org.wwoof.it\/wp-content\/uploads\/2021\/10\/1634146502483-1024x766.jpg\" alt=\"\" class=\"wp-image-6377\" srcset=\"https:\/\/org.wwoof.it\/wp-content\/uploads\/2021\/10\/1634146502483-980x551.jpg 980w, https:\/\/org.wwoof.it\/wp-content\/uploads\/2021\/10\/1634146502483-480x270.jpg 480w\" sizes=\"(min-width: 0px) and (max-width: 480px) 480px, (min-width: 481px) and (max-width: 980px) 980px, (min-width: 981px) 1024px, 100vw\" \/><figcaption>l&#8217;aia del Centro Trekking a Cavallo Montebrugiana<\/figcaption><\/figure>\n\n\n\n<p>Il ruolo del tessitore in questo caso lo ha svolto con grande passione Filippo che, partendo da Portovenere, sta coltivando relazioni nel territorio a cavallo fra Massa e La Spezia. L&#8217;invito \u00e8 stato allargato ad alcune delle province limitrofe. <\/p>\n\n\n\n<div class=\"wp-block-columns is-layout-flex wp-container-core-columns-is-layout-9d6595d7 wp-block-columns-is-layout-flex\">\n<div class=\"wp-block-column is-layout-flow wp-block-column-is-layout-flow\">\n<figure class=\"wp-block-image size-full\"><img loading=\"lazy\" decoding=\"async\" width=\"960\" height=\"644\" src=\"https:\/\/org.wwoof.it\/wp-content\/uploads\/2021\/10\/Monte-Brugiana-Paolo-e-l-asino.jpg\" alt=\"\" class=\"wp-image-6394\" srcset=\"https:\/\/org.wwoof.it\/wp-content\/uploads\/2021\/10\/Monte-Brugiana-Paolo-e-l-asino.jpg 960w, https:\/\/org.wwoof.it\/wp-content\/uploads\/2021\/10\/Monte-Brugiana-Paolo-e-l-asino-480x322.jpg 480w\" sizes=\"(min-width: 0px) and (max-width: 480px) 480px, (min-width: 481px) 960px, 100vw\" \/><figcaption>Paolo, che qui si confida con un sapiente asinello, a suo tempo ha sponsorizzato l&#8217;avvio della sua attivit\u00e0 con una lunga traversata a cavallo da Lisbona a Montebrugiana. La notoriet\u00e0 guadagnata in quell&#8217;occasione gli ha consentito di raccogliere gruppi di appassionati che hanno sostenuto nel tempo, grazie alla loro frequentazione, gli investimenti necessari per ridare vita agli edifici e alla cura del territorio.<\/figcaption><\/figure>\n<\/div>\n\n\n\n<div class=\"wp-block-column is-vertically-aligned-center is-layout-flow wp-block-column-is-layout-flow\">\n<figure class=\"wp-block-image size-large\"><img loading=\"lazy\" decoding=\"async\" width=\"925\" height=\"1024\" src=\"https:\/\/org.wwoof.it\/wp-content\/uploads\/2021\/10\/1634206920615-2-3-1-925x1024.jpg\" alt=\"\" class=\"wp-image-6387\"\/><\/figure>\n\n\n\n<p>Filippo, diviso a mert\u00e0 fra le origini meneghine e la passione per Portovenere, cura il coordinamento WWOOF delle province di La Spezia e Massa.<\/p>\n<\/div>\n<\/div>\n\n\n\n<p>Pian piano in mattinata ci siamo ritrovati in un buon numero di persone e ha preso forma un gruppo eterogeneo che comprendeva anche rappresentanti del mercatino biologico di Spezia e del mondo degli ecovillaggi. Nell&#8217;attesa Paolo ci ha fatto da anfitrione descrivendo il percorso di vita che lo ha portato a trasferire la grande passione mai sopita per i cavalli alla cultura del muro a secco che ha sapientemente messo in pratica attivando uno scambio proficuo con storici artigiani apuani. Il giro del cantiere di ristrutturazione di uno degli edifici, destinato in parte ad appartamento ed in parte a sala degustazione ci ha permesso di apprezzare l&#8217;ingegnosit\u00e0 e la cura con cui Antonella e Paolo portano avanti le attiivt\u00e0 di restauro senza trascurare la tradizione legata all&#8217;uso dei materiali reperiti in loco.<\/p>\n\n\n\n<div class=\"wp-block-columns is-layout-flex wp-container-core-columns-is-layout-9d6595d7 wp-block-columns-is-layout-flex\">\n<div class=\"wp-block-column is-layout-flow wp-block-column-is-layout-flow\">\n<figure class=\"wp-block-image size-large\"><img loading=\"lazy\" decoding=\"async\" width=\"1024\" height=\"766\" src=\"https:\/\/org.wwoof.it\/wp-content\/uploads\/2021\/10\/1634149890469-1024x766.jpg\" alt=\"\" class=\"wp-image-6389\" srcset=\"https:\/\/org.wwoof.it\/wp-content\/uploads\/2021\/10\/1634149890469-980x551.jpg 980w, https:\/\/org.wwoof.it\/wp-content\/uploads\/2021\/10\/1634149890469-480x270.jpg 480w\" sizes=\"(min-width: 0px) and (max-width: 480px) 480px, (min-width: 481px) and (max-width: 980px) 980px, (min-width: 981px) 1024px, 100vw\" \/><\/figure>\n\n\n\n<p>Il restauro pi\u00f9 recente che mette insieme pietra a secco, travi e travetti in castagno fresco del bosco circostante: i cavalli girano liberi e amichevoli.<\/p>\n<\/div>\n\n\n\n<div class=\"wp-block-column is-layout-flow wp-block-column-is-layout-flow\">\n<figure class=\"wp-block-image size-large\"><img loading=\"lazy\" decoding=\"async\" width=\"1024\" height=\"766\" src=\"https:\/\/org.wwoof.it\/wp-content\/uploads\/2021\/10\/1634149911985-1024x766.jpg\" alt=\"\" class=\"wp-image-6391\" srcset=\"https:\/\/org.wwoof.it\/wp-content\/uploads\/2021\/10\/1634149911985-980x551.jpg 980w, https:\/\/org.wwoof.it\/wp-content\/uploads\/2021\/10\/1634149911985-480x270.jpg 480w\" sizes=\"(min-width: 0px) and (max-width: 480px) 480px, (min-width: 481px) and (max-width: 980px) 980px, (min-width: 981px) 1024px, 100vw\" \/><\/figure>\n\n\n\n<p>Ancora l&#8217;aia, i cavalli: appoggiata al muro sullo sfondo Bridget finalmente nel suo ruolo di host e coordinatrice, a chiacchiera con una amica di WWOOF Italia.<\/p>\n<\/div>\n<\/div>\n\n\n\n<div class=\"wp-block-columns is-layout-flex wp-container-core-columns-is-layout-9d6595d7 wp-block-columns-is-layout-flex\">\n<div class=\"wp-block-column is-layout-flow wp-block-column-is-layout-flow\">\n<p>La mattinata si \u00e8 conclusa con una grande e allegra tavolata. Gli ultimi ritardatari ci hanno raggiunti per pranzo: ognuno, come da tradizione, ha portato il suo contributo alla mensa condivisa e la ricchezza biodiversa del men\u00f9 ha favorito lo scambio e la conoscenza fra realt\u00e0 ed esperienze diverse. Giulietta, storica animatrice del movimento contadino Bio della zona, ha sottolineato appassionatamente alcune delle difficolt\u00e0 che i piccoli agricoltori bio indipendenti si trovano ad affrontare nell&#8217;organizzazione dei mercati.<\/p>\n\n\n\n<div class=\"wp-block-columns is-layout-flex wp-container-core-columns-is-layout-9d6595d7 wp-block-columns-is-layout-flex\">\n<div class=\"wp-block-column is-layout-flow wp-block-column-is-layout-flow\">\n<figure class=\"wp-block-image size-large\"><img loading=\"lazy\" decoding=\"async\" width=\"766\" height=\"1024\" src=\"https:\/\/org.wwoof.it\/wp-content\/uploads\/2021\/10\/1634149823689-766x1024.jpg\" alt=\"\" class=\"wp-image-6417\"\/><figcaption>La tavolata ci attende<\/figcaption><\/figure>\n<\/div>\n\n\n\n<div class=\"wp-block-column is-layout-flow wp-block-column-is-layout-flow\">\n<figure class=\"wp-block-image size-large\"><img loading=\"lazy\" decoding=\"async\" width=\"766\" height=\"1024\" src=\"https:\/\/org.wwoof.it\/wp-content\/uploads\/2021\/10\/1634219177396-766x1024.jpg\" alt=\"\" class=\"wp-image-6401\"\/><figcaption>Antonella cura il tavolo del buffet dopo aver preparato un&#8217;ottima zuppa. Ancora qualcuno deve arrivare\u2026..<\/figcaption><\/figure>\n<\/div>\n<\/div>\n\n\n\n<p>Dopo pranzo, ci spostiamo un po&#8217; pi\u00f9 a valle e ci disponiamo in cerchio: iniziamo con un giro di presentazioni in cui ognuno ha modo di raccontare la propria storia personale e progettuale, individuando oltre alle gioie anche i punti critici da condividere. Chi in difficolt\u00e0 nell\u2019organizzare le occasioni di mercato ormai monopolizzate dalle organizzazioni sindacali, chi oberato da un mutuo e alla ricerca di qualcuno che voglia condividere il suo progetto, chi invece deve ancora trovare il luogo adatto a realizzarlo scansando prezzi folli e tentativi di speculazione: tutti comunque consapevoli che le reti territoriali possono essere una soluzione a questioni che in solitudine si affrontano con maggiore difficolt\u00e0.<\/p>\n\n\n\n<figure class=\"wp-block-image size-large\"><img loading=\"lazy\" decoding=\"async\" width=\"1024\" height=\"766\" src=\"https:\/\/org.wwoof.it\/wp-content\/uploads\/2021\/11\/1634150037580-1024x766.jpg\" alt=\"\" class=\"wp-image-6487\" srcset=\"https:\/\/org.wwoof.it\/wp-content\/uploads\/2021\/11\/1634150037580-980x733.jpg 980w, https:\/\/org.wwoof.it\/wp-content\/uploads\/2021\/11\/1634150037580-480x359.jpg 480w\" sizes=\"(min-width: 0px) and (max-width: 480px) 480px, (min-width: 481px) and (max-width: 980px) 980px, (min-width: 981px) 1024px, 100vw\" \/><figcaption>Il Cerchio attiva lo scambio attentamente sorvegliato da Stana, nuova responsabile della segreteria e da Pancake sua fida assistente<\/figcaption><\/figure>\n\n\n\n<p>E\u2019 stata un\u2019occasione per riprendere le fila riguardo al tema delle reti di impresa, strumento misconosciuto ma spesso utile a chi avrebbe bisogno di accedere a servizi, attrezzature o aiuti che non pu\u00f2 permettersi individualmente. Uno strumento che moltiplica le forze senza far perdere a nessuno la sua preziosa autonomia. Al termine della discussione Luca, wwofer arrivato addirittura da Milano, ha presentato un modello di economia circolare basato su valuta integrativa che ci proponiamo di approfondire con la consulenza dei nostri amici  e storici collaboratori di <a href=\"https:\/\/www.mag6.it\/\" target=\"_blank\" rel=\"noreferrer noopener\">MAG6 di Reggio Emilia<\/a>.<\/p>\n\n\n\n<p>Ci siamo quindi riavvicinati alla tavolata lasciata poco prima per ascoltare Riccardo, pastore per vocazione ed ospite del cerchio, che ci ha rallegrati con alcuni brani sapientemente suonati alla fisarmonica e cantati con voce possente. Qualche intermezzo da maggiante in duetto con Paolo ed un paio di brani classici con l\u2019accompagnamento di Rocco e\u00a0 il pomeriggio si \u00e8 avviato alla conclusione lasciando a tutti il senso di una piacevole ed intensa giornata di condivisione.<\/p>\n<\/div>\n<\/div>\n","protected":false},"excerpt":{"rendered":"<p>Ogni incontro di questo tipo si fonda su due elementi essenziali: un luogo accogliente ed ospitale e un paziente e tenace tessitore. Antonella e Paolo hanno proveduto alla calorosa ospitalit\u00e0 mettendo a disposizione gli spazi del loro bellissimo posto. Il Centro Trekking a Cavallo Montebrugiana d\u00e0 subito idea della sapienza con cui \u00e8 stato concepito: [&hellip;]<\/p>\n","protected":false},"author":3,"featured_media":6379,"comment_status":"open","ping_status":"closed","sticky":false,"template":"","format":"standard","meta":{"_et_pb_use_builder":"off","_et_pb_old_content":"","_et_gb_content_width":"","wds_primary_category":0,"footnotes":""},"categories":[1354],"tags":[],"class_list":["post-6376","post","type-post","status-publish","format-standard","has-post-thumbnail","hentry","category-vita-associativa"],"_links":{"self":[{"href":"https:\/\/org.wwoof.it\/it\/wp-json\/wp\/v2\/posts\/6376","targetHints":{"allow":["GET"]}}],"collection":[{"href":"https:\/\/org.wwoof.it\/it\/wp-json\/wp\/v2\/posts"}],"about":[{"href":"https:\/\/org.wwoof.it\/it\/wp-json\/wp\/v2\/types\/post"}],"author":[{"embeddable":true,"href":"https:\/\/org.wwoof.it\/it\/wp-json\/wp\/v2\/users\/3"}],"replies":[{"embeddable":true,"href":"https:\/\/org.wwoof.it\/it\/wp-json\/wp\/v2\/comments?post=6376"}],"version-history":[{"count":10,"href":"https:\/\/org.wwoof.it\/it\/wp-json\/wp\/v2\/posts\/6376\/revisions"}],"predecessor-version":[{"id":7115,"href":"https:\/\/org.wwoof.it\/it\/wp-json\/wp\/v2\/posts\/6376\/revisions\/7115"}],"wp:featuredmedia":[{"embeddable":true,"href":"https:\/\/org.wwoof.it\/it\/wp-json\/wp\/v2\/media\/6379"}],"wp:attachment":[{"href":"https:\/\/org.wwoof.it\/it\/wp-json\/wp\/v2\/media?parent=6376"}],"wp:term":[{"taxonomy":"category","embeddable":true,"href":"https:\/\/org.wwoof.it\/it\/wp-json\/wp\/v2\/categories?post=6376"},{"taxonomy":"post_tag","embeddable":true,"href":"https:\/\/org.wwoof.it\/it\/wp-json\/wp\/v2\/tags?post=6376"}],"curies":[{"name":"wp","href":"https:\/\/api.w.org\/{rel}","templated":true}]}}