{"id":7193,"date":"2022-01-11T18:51:37","date_gmt":"2022-01-11T18:51:37","guid":{"rendered":"https:\/\/org.wwoof.it\/?p=7193"},"modified":"2022-01-14T12:01:45","modified_gmt":"2022-01-14T12:01:45","slug":"dal-10-gennaio-ulteriori-restrizioni-per-chi-viaggia","status":"publish","type":"post","link":"https:\/\/org.wwoof.it\/it\/2022\/01\/dal-10-gennaio-ulteriori-restrizioni-per-chi-viaggia\/","title":{"rendered":"Dal 10 Gennaio ulteriori restrizioni per chi viaggia"},"content":{"rendered":"\n<h2 class=\"wp-block-heading\">Il recente decreto governativo stabilisce ulteriori restrizioni per l\u2019accesso ai mezzi di trasporto, anche locali, a partire da Luned\u00ec 10 gennaio.<\/h2>\n\n\n\n<p>Non sar\u00e0 pi\u00f9 possibile utilizzare mezzi di trasporto pubblico senza avere il Green Pass rafforzato.<br>Non sar\u00e0 quindi sufficiente un tampone negativo: sar\u00e0 necessario essere in regola con le scadenze vaccinali o essere guariti.<\/p>\n\n\n\n<p>Per quanto riguarda pi\u00f9 specificatamente le attivit\u00e0 di WWOOFing non ci sono cambiamenti:<br>Le disposizioni governative impongono ai volontari di essere dotati di greenpass (anche da tampone) per lo svolgimento delle attivit\u00e0 lavorative. Qualche complicazione in pi\u00f9 per gli ultracinquantenni costretti all&#8217;obbligo vaccinale. <\/p>\n\n\n\n<p>Nessun problema ad oggi per l&#8217;ospitalit\u00e0 fra soci. La fiducia, la chiarezza ed il reciproco rispetto  rimangono fondamentali per il buon andamento delle relazioni.<br>Resta valido al proposito <a href=\"https:\/\/org.wwoof.it\/wp-content\/uploads\/2021\/12\/La-posizione-di-WI-riguardo-al-green-pass.pdf\" target=\"_blank\" rel=\"noreferrer noopener\">quanto comunicato precedentemente<\/a> nella NL del 4 dicembre u.s.<\/p>\n\n\n\n<p>Per quanto riguarda invece le disposizioni per chi vuole varcare la frontiera si consiglia di consultare questi siti: <\/p>\n\n\n\n<p><a href=\"https:\/\/www.salute.gov.it\/portale\/nuovocoronavirus\/dettaglioContenutiNuovoCoronavirus.jsp?lingua=italiano&amp;id=5411&amp;area=nuovoCoronavirus&amp;menu=vuoto\" target=\"_blank\" rel=\"noreferrer noopener\">Covid 19 Viaggiatori<\/a> per chi arriva da un altro paese<br><a href=\"https:\/\/www.viaggiaresicuri.it\/\" target=\"_blank\" rel=\"noreferrer noopener\">Viaggiare Sicuri<\/a> per chi dall\u2019Italia vuole recarsi all\u2019estero.<\/p>\n","protected":false},"excerpt":{"rendered":"<p>Alcuni aggiornamenti sull&#8217;obbligo di Greenpass rafforzato per l&#8217;utilizzo di trasporto pubblico<\/p>\n","protected":false},"author":3,"featured_media":7194,"comment_status":"open","ping_status":"closed","sticky":false,"template":"","format":"standard","meta":{"_et_pb_use_builder":"off","_et_pb_old_content":"","_et_gb_content_width":"","wds_primary_category":0,"footnotes":""},"categories":[29],"tags":[1604,1605,1433],"class_list":["post-7193","post","type-post","status-publish","format-standard","has-post-thumbnail","hentry","category-comunicazioni-dell-associazione-2","tag-covid19","tag-decreto-governativo","tag-trasporti"],"_links":{"self":[{"href":"https:\/\/org.wwoof.it\/it\/wp-json\/wp\/v2\/posts\/7193","targetHints":{"allow":["GET"]}}],"collection":[{"href":"https:\/\/org.wwoof.it\/it\/wp-json\/wp\/v2\/posts"}],"about":[{"href":"https:\/\/org.wwoof.it\/it\/wp-json\/wp\/v2\/types\/post"}],"author":[{"embeddable":true,"href":"https:\/\/org.wwoof.it\/it\/wp-json\/wp\/v2\/users\/3"}],"replies":[{"embeddable":true,"href":"https:\/\/org.wwoof.it\/it\/wp-json\/wp\/v2\/comments?post=7193"}],"version-history":[{"count":3,"href":"https:\/\/org.wwoof.it\/it\/wp-json\/wp\/v2\/posts\/7193\/revisions"}],"predecessor-version":[{"id":7218,"href":"https:\/\/org.wwoof.it\/it\/wp-json\/wp\/v2\/posts\/7193\/revisions\/7218"}],"wp:featuredmedia":[{"embeddable":true,"href":"https:\/\/org.wwoof.it\/it\/wp-json\/wp\/v2\/media\/7194"}],"wp:attachment":[{"href":"https:\/\/org.wwoof.it\/it\/wp-json\/wp\/v2\/media?parent=7193"}],"wp:term":[{"taxonomy":"category","embeddable":true,"href":"https:\/\/org.wwoof.it\/it\/wp-json\/wp\/v2\/categories?post=7193"},{"taxonomy":"post_tag","embeddable":true,"href":"https:\/\/org.wwoof.it\/it\/wp-json\/wp\/v2\/tags?post=7193"}],"curies":[{"name":"wp","href":"https:\/\/api.w.org\/{rel}","templated":true}]}}