{"id":8064,"date":"2022-04-01T10:33:16","date_gmt":"2022-04-01T10:33:16","guid":{"rendered":"https:\/\/org.wwoof.it\/?p=8064"},"modified":"2022-04-01T10:33:20","modified_gmt":"2022-04-01T10:33:20","slug":"noi-siamo-natura","status":"publish","type":"post","link":"https:\/\/org.wwoof.it\/it\/2022\/04\/noi-siamo-natura\/","title":{"rendered":"Noi Siamo Natura"},"content":{"rendered":"\n<h2 class=\"wp-block-heading\">una bella intervista radiofonica a Paolo, Host della riviera di Ponente<\/h2>\n\n\n\n<p class=\"wp-block-paragraph\">Paolo ha quarant&#8217;anni e ha scelto di vivere in campagna, sulle colline della riviera ligure, con il suo cane. Fa l&#8217;agricoltore in una zona di uliveti che da decenni era stata abbandonata all&#8217;incuria. Grazie al suo lavoro, le piante vengono recuperate, e Paolo produce da s\u00e9 tutto ci\u00f2 di cui ha bisogno. Per lui \u00e8 un esercizio di libert\u00e0\u00a0, ma anche una routine quotidiana che lo mette in contatto, giorno dopo giorno, pure in un periodo angosciante come questo, con i tempi e i ritmi della natura, lo scorrere delle stagioni, l&#8217;importanza del sole e della pioggia. Insieme a lui riflettiamo su cose che forse tendiamo a rimuovere: sul fatto che la natura non \u00e8 un giardino che sta l\u00e0\u00a0 fuori, da cui entrare e uscire a piacimento. Guidati dalla parole di Paolo e dalle appassionate scorribande di Alexander von Humboldt proviamo a ricordarci che noi siamo natura, e quanto sia pericoloso dimenticarlo.  <a href=\"https:\/\/www.raiplaysound.it\/audio\/2022\/03\/Zarathustra-del-13032022-8f384d78-9c65-4564-a0ae-910be198c7fe.html\">Fonte: RaiPlaySound<\/a><\/p>\n\n\n\n<div class=\"wp-block-buttons is-layout-flex wp-block-buttons-is-layout-flex\">\n<div class=\"wp-block-button\"><a class=\"wp-block-button__link\" href=\"https:\/\/www.raiplaysound.it\/audio\/2022\/03\/Zarathustra-del-13032022-8f384d78-9c65-4564-a0ae-910be198c7fe.html\" target=\"_blank\" rel=\"noreferrer noopener\">Ascolta l&#8217;Intervista<\/a><\/div>\n<\/div>\n","protected":false},"excerpt":{"rendered":"<p>una bella intervista radiofonica a Paolo, Host della riviera di Ponente Paolo ha quarant&#8217;anni e ha scelto di vivere in campagna, sulle colline della riviera ligure, con il suo cane. Fa l&#8217;agricoltore in una zona di uliveti che da decenni era stata abbandonata all&#8217;incuria. Grazie al suo lavoro, le piante vengono recuperate, e Paolo produce [&hellip;]<\/p>\n","protected":false},"author":3,"featured_media":8069,"comment_status":"open","ping_status":"closed","sticky":false,"template":"","format":"standard","meta":{"_et_pb_use_builder":"off","_et_pb_old_content":"","_et_gb_content_width":"","wds_primary_category":0,"footnotes":""},"categories":[1478],"tags":[1768,1769,1715],"class_list":["post-8064","post","type-post","status-publish","format-standard","has-post-thumbnail","hentry","category-i-nostri-soci","tag-audio","tag-interviste","tag-podcast"],"_links":{"self":[{"href":"https:\/\/org.wwoof.it\/it\/wp-json\/wp\/v2\/posts\/8064","targetHints":{"allow":["GET"]}}],"collection":[{"href":"https:\/\/org.wwoof.it\/it\/wp-json\/wp\/v2\/posts"}],"about":[{"href":"https:\/\/org.wwoof.it\/it\/wp-json\/wp\/v2\/types\/post"}],"author":[{"embeddable":true,"href":"https:\/\/org.wwoof.it\/it\/wp-json\/wp\/v2\/users\/3"}],"replies":[{"embeddable":true,"href":"https:\/\/org.wwoof.it\/it\/wp-json\/wp\/v2\/comments?post=8064"}],"version-history":[{"count":1,"href":"https:\/\/org.wwoof.it\/it\/wp-json\/wp\/v2\/posts\/8064\/revisions"}],"predecessor-version":[{"id":8071,"href":"https:\/\/org.wwoof.it\/it\/wp-json\/wp\/v2\/posts\/8064\/revisions\/8071"}],"wp:featuredmedia":[{"embeddable":true,"href":"https:\/\/org.wwoof.it\/it\/wp-json\/wp\/v2\/media\/8069"}],"wp:attachment":[{"href":"https:\/\/org.wwoof.it\/it\/wp-json\/wp\/v2\/media?parent=8064"}],"wp:term":[{"taxonomy":"category","embeddable":true,"href":"https:\/\/org.wwoof.it\/it\/wp-json\/wp\/v2\/categories?post=8064"},{"taxonomy":"post_tag","embeddable":true,"href":"https:\/\/org.wwoof.it\/it\/wp-json\/wp\/v2\/tags?post=8064"}],"curies":[{"name":"wp","href":"https:\/\/api.w.org\/{rel}","templated":true}]}}