{"id":8244,"date":"2022-04-08T10:54:21","date_gmt":"2022-04-08T10:54:21","guid":{"rendered":"https:\/\/org.wwoof.it\/?p=8244"},"modified":"2022-04-08T15:49:08","modified_gmt":"2022-04-08T15:49:08","slug":"1-aprile-2022-si-allentano-le-misure-restrittive","status":"publish","type":"post","link":"https:\/\/org.wwoof.it\/it\/2022\/04\/1-aprile-2022-si-allentano-le-misure-restrittive\/","title":{"rendered":"1\u00b0 aprile 2022 si allentano le misure restrittive"},"content":{"rendered":"\n<h2 class=\"wp-block-heading\">Il recente decreto modifica alcuni aspetti sostanziali delle misure di contenimento della pandemia<\/h2>\n\n\n\n<p> trovate gli aggiornamenti sulla <a href=\"https:\/\/www.salute.gov.it\/portale\/nuovocoronavirus\/dettaglioContenutiNuovoCoronavirus.jsp?lingua=italiano&amp;id=5411&amp;area=nuovoCoronavirus&amp;menu=vuoto\" target=\"_blank\" rel=\"noreferrer noopener\">pagina del Ministero della Salute<\/a> e pi\u00f9 in particolare per chi \u00e8 gi\u00e0 sul territorio italiano, nella <a href=\"https:\/\/www.governo.it\/sites\/governo.it\/files\/documenti\/documenti\/Notizie-allegati\/tabella_attivita_consentite.pdf\" data-type=\"URL\" data-id=\"https:\/\/www.governo.it\/sites\/governo.it\/files\/documenti\/documenti\/Notizie-allegati\/tabella_attivita_consentite.pdf\" target=\"_blank\" rel=\"noreferrer noopener\">tabella<\/a><br>Rimane in essere l\u2019obbligo di green pass da tampone per i lavoratori ed i volontari che esplicano la loro attivit\u00e0 in luoghi di lavoro pubblici o privati.<br>Ogni socio, consapevole delle limitazioni di legge, sapr\u00e0 orientarsi a seconda del suo particolare contesto, esercitando il libero arbitrio.<\/p>\n\n\n\n<p>Per qualsiasi dubbio non esitate a scrivere a staff@wwoof.it o a telefonare al 351 0810820<\/p>\n","protected":false},"excerpt":{"rendered":"<p>Il recente decreto modifica alcuni aspetti sostanziali delle misure di contenimento della pandemia trovate gli aggiornamenti sulla pagina del Ministero della Salute e pi\u00f9 in particolare per chi \u00e8 gi\u00e0 sul territorio italiano, nella tabellaRimane in essere l\u2019obbligo di green pass da tampone per i lavoratori ed i volontari che esplicano la loro attivit\u00e0 in [&hellip;]<\/p>\n","protected":false},"author":3,"featured_media":8245,"comment_status":"open","ping_status":"closed","sticky":false,"template":"","format":"standard","meta":{"_et_pb_use_builder":"off","_et_pb_old_content":"","_et_gb_content_width":"","wds_primary_category":0,"footnotes":""},"categories":[29],"tags":[1798,1676,1797,1796],"class_list":["post-8244","post","type-post","status-publish","format-standard","has-post-thumbnail","hentry","category-comunicazioni-dell-associazione-2","tag-1-aprile","tag-covid-19-2","tag-decreto","tag-pandemia"],"_links":{"self":[{"href":"https:\/\/org.wwoof.it\/it\/wp-json\/wp\/v2\/posts\/8244","targetHints":{"allow":["GET"]}}],"collection":[{"href":"https:\/\/org.wwoof.it\/it\/wp-json\/wp\/v2\/posts"}],"about":[{"href":"https:\/\/org.wwoof.it\/it\/wp-json\/wp\/v2\/types\/post"}],"author":[{"embeddable":true,"href":"https:\/\/org.wwoof.it\/it\/wp-json\/wp\/v2\/users\/3"}],"replies":[{"embeddable":true,"href":"https:\/\/org.wwoof.it\/it\/wp-json\/wp\/v2\/comments?post=8244"}],"version-history":[{"count":3,"href":"https:\/\/org.wwoof.it\/it\/wp-json\/wp\/v2\/posts\/8244\/revisions"}],"predecessor-version":[{"id":8262,"href":"https:\/\/org.wwoof.it\/it\/wp-json\/wp\/v2\/posts\/8244\/revisions\/8262"}],"wp:featuredmedia":[{"embeddable":true,"href":"https:\/\/org.wwoof.it\/it\/wp-json\/wp\/v2\/media\/8245"}],"wp:attachment":[{"href":"https:\/\/org.wwoof.it\/it\/wp-json\/wp\/v2\/media?parent=8244"}],"wp:term":[{"taxonomy":"category","embeddable":true,"href":"https:\/\/org.wwoof.it\/it\/wp-json\/wp\/v2\/categories?post=8244"},{"taxonomy":"post_tag","embeddable":true,"href":"https:\/\/org.wwoof.it\/it\/wp-json\/wp\/v2\/tags?post=8244"}],"curies":[{"name":"wp","href":"https:\/\/api.w.org\/{rel}","templated":true}]}}