{"id":8300,"date":"2022-04-11T08:03:13","date_gmt":"2022-04-11T08:03:13","guid":{"rendered":"https:\/\/org.wwoof.it\/?p=8300"},"modified":"2023-10-02T16:20:53","modified_gmt":"2023-10-02T16:20:53","slug":"lorto-scolastico-di-pergola","status":"publish","type":"post","link":"https:\/\/org.wwoof.it\/it\/2022\/04\/lorto-scolastico-di-pergola\/","title":{"rendered":"L&#8217;Orto Scolastico di Pergola"},"content":{"rendered":"\n<h2 class=\"wp-block-heading\">una meravigliata evoluzione<\/h2>\n\n\n\n<p>WWOOF Italia <a href=\"https:\/\/org.wwoof.it\/it\/2014\/06\/19\/l-orto-scolastico-a-pergola-dal-campo-alla-mensa\/\" target=\"_blank\" rel=\"noreferrer noopener\">gi\u00e0 da qualche anno ha &#8220;adottato&#8221; il progetto dell&#8217;Orto Scolastico di Pergola<\/a> cercando di contribuire alla continuit\u00e0 didattica e alla diffusione delle buone pratiche che fanno di questa iniziativa qualcosa di unico nel panorama del nostro Paese.<\/p>\n\n\n\n<p>Purtroppo, come per tante altre attivit\u00e0 scolastiche, gli anni della pandemia hanno causato una interruzione delle pratiche di coltivazione dell&#8217;orto, rimasto vivo solo grazie alla cura dei principali protagonisti di questa storia esemplare.<\/p>\n\n\n\n<p>Federica e Massimo, i maestri illuminati,  insieme a Paolo orticultore per missione, hanno infatti mantenuto vivo l&#8217;Orto dedicandosi  di loro iniziativa ad alcune piccole attivit\u00e0 per far s\u00ec che alla ripresa i ragazzi non si trovassero di fronte all&#8217;abbandono.<\/p>\n\n\n\n<p>Il tempo della ripresa \u00e8 finalmente in arrivo e, come spesso succede, il muover le mani liberi da scadenze ed incombenze ha portato a nuova illuminazione: Federica , Massimo e Paolo si sono interrogati sull&#8217;evoluzione che il mondo intorno all&#8217;Orto ha vissuto nel corso degli anni e sono arrivati alla conclusione che anche l&#8217;Orto meritasse di vivere una nuova fase.<\/p>\n\n\n\n<p>Ne \u00e8 nato cos\u00ec il convegno <a href=\"https:\/\/org.wwoof.it\/it\/eventi\/sosteniamo-la-sostenibilita\/\" target=\"_blank\" rel=\"noreferrer noopener\">Sosteniamo la Sostenibilit\u00e0<\/a>; \u00e8 lo stesso <a href=\"https:\/\/wwoof.it\/en\/user\/2451\" target=\"_blank\" rel=\"noreferrer noopener\">Paolo,<\/a> a raccontarcene le ragioni:<\/p>\n\n\n\n<p>&#8220;I<em>l percorso che ha portato all&#8217;organizzazione di questo convegno parte dall&#8217;esigenza di evolvere: un cambiamento \u00e8 necessario sia per sviluppare nuove esigenze sia per dare nuova energia al progetto. Il convegno ha la finalit\u00e0 di informare sulla nuova progettualit\u00e0 e condividerne le fasi che hanno l&#8217;obiettivo di coinvolgere in modo pi\u00f9 diretto la comunit\u00e0 locale. Io, Federica Tempesti la maestra e Massimo Albertini il professore neo pensionato, pensiamo che non basti pi\u00f9 solo produrre in modo ecologico ma anche coinvolgere il mondo agricolo, (&#8230;e non solo), nell&#8217;attivit\u00e0 della scuola; coinvolgere la societ\u00e0 in un percorso di economia circolare costruendo aggregazione intorno a prodotti autoctoni e azioni sostenibili.<\/em>&#8220;<\/p>\n\n\n\n<p>&#8220;<em>A queste belle parole andranno accompagnati i fatti, non ci servono tanto le idee (crediamo di averne gi\u00e0  in abbondanza) quanto la condivisione degli intenti. Pensiamo che attraverso le relazioni tra le persone ci si arricchisca e si migliori.<\/em>&#8221; conclude Paolo. Sar\u00e0 sicuramente interessante accompagnare l&#8217;Istituto Binotti  e i suoi collaboratori in questa evoluzione e saremo  con passione al loro fianco nella nuova avventura di coinvolgimento del territorio: a suggello del resto di quanto auspicato  fin dai primi accordi di patrocinio!<\/p>\n","protected":false},"excerpt":{"rendered":"<p>Il tempo della ripresa \u00e8 in arrivo e, come spesso succede, il muover le mani liberi da scadenze ed incombenze ha portato a nuova illuminazione. Federica , Massimo e Paolo si sono interrogati sull&#8217;evoluzione che il mondo intorno all&#8217;Orto ha vissuto nel corso degli anni e sono arrivati alla conclusione che anche l&#8217;Orto meritasse di vivere una nuova fase.<\/p>\n","protected":false},"author":3,"featured_media":8288,"comment_status":"open","ping_status":"closed","sticky":false,"template":"","format":"standard","meta":{"_et_pb_use_builder":"off","_et_pb_old_content":"","_et_gb_content_width":"","wds_primary_category":0,"footnotes":""},"categories":[1359,1356,1354],"tags":[1062,550,664,820],"class_list":["post-8300","post","type-post","status-publish","format-standard","has-post-thumbnail","hentry","category-progetti","category-sul-territorio","category-vita-associativa","tag-orto-scolastico","tag-pergola","tag-progetti","tag-sostenibilita"],"_links":{"self":[{"href":"https:\/\/org.wwoof.it\/it\/wp-json\/wp\/v2\/posts\/8300","targetHints":{"allow":["GET"]}}],"collection":[{"href":"https:\/\/org.wwoof.it\/it\/wp-json\/wp\/v2\/posts"}],"about":[{"href":"https:\/\/org.wwoof.it\/it\/wp-json\/wp\/v2\/types\/post"}],"author":[{"embeddable":true,"href":"https:\/\/org.wwoof.it\/it\/wp-json\/wp\/v2\/users\/3"}],"replies":[{"embeddable":true,"href":"https:\/\/org.wwoof.it\/it\/wp-json\/wp\/v2\/comments?post=8300"}],"version-history":[{"count":3,"href":"https:\/\/org.wwoof.it\/it\/wp-json\/wp\/v2\/posts\/8300\/revisions"}],"predecessor-version":[{"id":13798,"href":"https:\/\/org.wwoof.it\/it\/wp-json\/wp\/v2\/posts\/8300\/revisions\/13798"}],"wp:featuredmedia":[{"embeddable":true,"href":"https:\/\/org.wwoof.it\/it\/wp-json\/wp\/v2\/media\/8288"}],"wp:attachment":[{"href":"https:\/\/org.wwoof.it\/it\/wp-json\/wp\/v2\/media?parent=8300"}],"wp:term":[{"taxonomy":"category","embeddable":true,"href":"https:\/\/org.wwoof.it\/it\/wp-json\/wp\/v2\/categories?post=8300"},{"taxonomy":"post_tag","embeddable":true,"href":"https:\/\/org.wwoof.it\/it\/wp-json\/wp\/v2\/tags?post=8300"}],"curies":[{"name":"wp","href":"https:\/\/api.w.org\/{rel}","templated":true}]}}