{"id":8423,"date":"2022-04-24T11:59:31","date_gmt":"2022-04-24T11:59:31","guid":{"rendered":"https:\/\/org.wwoof.it\/?p=8423"},"modified":"2022-04-24T12:05:02","modified_gmt":"2022-04-24T12:05:02","slug":"la-fattoria-biologica-la-fonte-cercacogestori","status":"publish","type":"post","link":"https:\/\/org.wwoof.it\/it\/2022\/04\/la-fattoria-biologica-la-fonte-cercacogestori\/","title":{"rendered":"La Fattoria Biologica La Fonte Cerca Cogestori"},"content":{"rendered":"\n<h2 class=\"wp-block-heading\">sull\u2019Appennino Modenese a 900 m. slm.<\/h2>\n\n\n\n<p><a href=\"https:\/\/wwoof.it\/en\/user\/43909\" target=\"_blank\" rel=\"noreferrer noopener\">La Fattoria Biologica La Fonte<\/a> \u00e8 un nuovo progetto socio-economico che ha fra i suoi scopi il permettere ai <\/p>\n\n\n\n<p>giovani di insediarsi in agricoltura. <\/p>\n\n\n\n<figure class=\"wp-block-image size-full\"><img loading=\"lazy\" decoding=\"async\" width=\"644\" height=\"482\" src=\"https:\/\/org.wwoof.it\/wp-content\/uploads\/2022\/04\/Foto-stalla.jpg\" alt=\"\" class=\"wp-image-8425\" srcset=\"https:\/\/org.wwoof.it\/wp-content\/uploads\/2022\/04\/Foto-stalla.jpg 644w, https:\/\/org.wwoof.it\/wp-content\/uploads\/2022\/04\/Foto-stalla-480x359.jpg 480w\" sizes=\"(min-width: 0px) and (max-width: 480px) 480px, (min-width: 481px) 644px, 100vw\" \/><figcaption>La Stalla<\/figcaption><\/figure>\n\n\n\n<p>Il modello \u00e8 pensato per creare un nuovo rapporto di reciproco supporto tra produttori e consumatori per<\/p>\n\n\n\n<p> l&#8217;affermazione di un economia locale che possa riportare persone in montagna a gestire il territorio.<br>Si ricreano le fattorie polifunzionali del passato con allevamenti, cura del bosco, coltivazioni e frutta, uscendo <\/p>\n\n\n\n<p>dal biologico industriale.  A livello sociale si fa cogestione (impresa insieme), si vive e si mangia in fattoria <\/p>\n\n\n\n<p>eliminando costi individuali di affitto, bollette e vitto. <\/p>\n\n\n\n<figure class=\"wp-block-image size-large is-resized\"><img loading=\"lazy\" decoding=\"async\" src=\"https:\/\/org.wwoof.it\/wp-content\/uploads\/2022\/04\/P1050894-1024x768.jpg\" alt=\"\" class=\"wp-image-8427\" width=\"725\" height=\"543\"\/><figcaption>L&#8217;interno della stalla e le Capre<\/figcaption><\/figure>\n\n\n\n<p>Ci troviamo sull\u2019Appennino Modenese a 900 m. slm. Si ricercano collaboratori motivati e con mentalit\u00e0 imprenditoriale:<\/p>\n\n\n\n<p>se l&#8217;esperienza porta alla voglia di stabilit\u00e0 e ci si sentir\u00e0 in grado di gestire assieme la fattoria, in seguito<br>si potr\u00e0 ufficializzare la cogestione con una societ\u00e0.<\/p>\n\n\n\n<p>La gestione della fattoria \u00e8 comune; a fine anno si decide assieme la finalizzazione degli utili e quanto remunerarsi.<\/p>\n\n\n\n<div class=\"wp-block-buttons is-layout-flex wp-block-buttons-is-layout-flex\">\n<div class=\"wp-block-button\"><a class=\"wp-block-button__link\" href=\"https:\/\/wwoof.it\/en\/user\/43909\" target=\"_blank\" rel=\"noreferrer noopener\">Contatta l&#8217;Host<\/a><\/div>\n<\/div>\n","protected":false},"excerpt":{"rendered":"<p>La Fattoria La Fonte \u00e8 un progetto per l&#8217;insediamento di giovani in agricoltura e per il ripopolamento delle aree di montagna<\/p>\n","protected":false},"author":3,"featured_media":8429,"comment_status":"open","ping_status":"closed","sticky":false,"template":"","format":"standard","meta":{"_et_pb_use_builder":"off","_et_pb_old_content":"","_et_gb_content_width":"","wds_primary_category":0,"footnotes":""},"categories":[1389],"tags":[1856,541,79],"class_list":["post-8423","post","type-post","status-publish","format-standard","has-post-thumbnail","hentry","category-richieste-e-offerte-di-lavoro","tag-cogestione","tag-insediamento-agricolo","tag-lavoro"],"_links":{"self":[{"href":"https:\/\/org.wwoof.it\/it\/wp-json\/wp\/v2\/posts\/8423","targetHints":{"allow":["GET"]}}],"collection":[{"href":"https:\/\/org.wwoof.it\/it\/wp-json\/wp\/v2\/posts"}],"about":[{"href":"https:\/\/org.wwoof.it\/it\/wp-json\/wp\/v2\/types\/post"}],"author":[{"embeddable":true,"href":"https:\/\/org.wwoof.it\/it\/wp-json\/wp\/v2\/users\/3"}],"replies":[{"embeddable":true,"href":"https:\/\/org.wwoof.it\/it\/wp-json\/wp\/v2\/comments?post=8423"}],"version-history":[{"count":3,"href":"https:\/\/org.wwoof.it\/it\/wp-json\/wp\/v2\/posts\/8423\/revisions"}],"predecessor-version":[{"id":8433,"href":"https:\/\/org.wwoof.it\/it\/wp-json\/wp\/v2\/posts\/8423\/revisions\/8433"}],"wp:featuredmedia":[{"embeddable":true,"href":"https:\/\/org.wwoof.it\/it\/wp-json\/wp\/v2\/media\/8429"}],"wp:attachment":[{"href":"https:\/\/org.wwoof.it\/it\/wp-json\/wp\/v2\/media?parent=8423"}],"wp:term":[{"taxonomy":"category","embeddable":true,"href":"https:\/\/org.wwoof.it\/it\/wp-json\/wp\/v2\/categories?post=8423"},{"taxonomy":"post_tag","embeddable":true,"href":"https:\/\/org.wwoof.it\/it\/wp-json\/wp\/v2\/tags?post=8423"}],"curies":[{"name":"wp","href":"https:\/\/api.w.org\/{rel}","templated":true}]}}