{"id":8708,"date":"2022-05-12T19:26:27","date_gmt":"2022-05-12T19:26:27","guid":{"rendered":"https:\/\/org.wwoof.it\/?p=8708"},"modified":"2022-05-14T16:41:49","modified_gmt":"2022-05-14T16:41:49","slug":"cambiamoagricoltura-lancia-check-up-pesticidi","status":"publish","type":"post","link":"https:\/\/org.wwoof.it\/it\/2022\/05\/cambiamoagricoltura-lancia-check-up-pesticidi\/","title":{"rendered":"#CambiamoAgricoltura lancia &#8220;Check Up Pesticidi&#8221;"},"content":{"rendered":"\n<h2 class=\"wp-block-heading\">La campagna Europea per sensibilizzare sugli impatti che i pesticidi hanno su salute umana ed ecosistemi arriva in Italia<\/h2>\n\n\n\n<p>L\u2019inquinamento da pesticidi \u00e8 pervasivo e persistente in tutte le matrici ambientali ed \u00e8 una delle principali cause di perdita della biodiversit\u00e0 a livello europeo e le oltre 400 sostanze chimiche di sintesi autorizzate in Europa per l\u2019uso in agricoltura rappresentano anche una seria minaccia alla salute umana causando ogni anno circa 11.000 decessi prematuri e malattie croniche.<\/p>\n\n\n\n<p>Per stimolare soluzioni efficaci a questo serio problema ambientale la Coalizione italiana #CambiamoAgricoltura lancia anche in Italia la Campagna \u201cCheck Up Pesticidi\u201d promossa a livello europeo da \u201cGood Food Good Farming\u201d, un\u2019ampia alleanza europea di Associazioni a cui aderisce anche la Coalizione italiana, nata per promuovere la transizione ecologica dell\u2019agricoltura e sensibilizzare i cittadini sui problemi causati dall\u2019attuale modello intensivo di produzione agricola.<\/p>\n\n\n\n<div class=\"wp-block-buttons is-layout-flex wp-block-buttons-is-layout-flex\">\n<div class=\"wp-block-button\"><a class=\"wp-block-button__link\" href=\"https:\/\/www.cambiamoagricoltura.it\/check-up-pesticidi-la-coalizione-cambiamoagricoltura-lancia-in-italia-la-campagna-europea-sui-pesticidi\/\" target=\"_blank\" rel=\"noreferrer noopener\">Leggi tutto<\/a><\/div>\n<\/div>\n\n\n\n<p><\/p>\n","protected":false},"excerpt":{"rendered":"<p>La campagna Europea per sensibilizzare sugli impatti che i pesticidi hanno su salute umana ed ecosistemi arriva in Italia<\/p>\n","protected":false},"author":3,"featured_media":8709,"comment_status":"open","ping_status":"closed","sticky":false,"template":"","format":"standard","meta":{"_et_pb_use_builder":"off","_et_pb_old_content":"","_et_gb_content_width":"","wds_primary_category":0,"footnotes":""},"categories":[1423],"tags":[1624,1909,969],"class_list":["post-8708","post","type-post","status-publish","format-standard","has-post-thumbnail","hentry","category-dalle-nostre-reti","tag-cambiamo-agricoltura","tag-check-up","tag-pesticidi"],"_links":{"self":[{"href":"https:\/\/org.wwoof.it\/it\/wp-json\/wp\/v2\/posts\/8708","targetHints":{"allow":["GET"]}}],"collection":[{"href":"https:\/\/org.wwoof.it\/it\/wp-json\/wp\/v2\/posts"}],"about":[{"href":"https:\/\/org.wwoof.it\/it\/wp-json\/wp\/v2\/types\/post"}],"author":[{"embeddable":true,"href":"https:\/\/org.wwoof.it\/it\/wp-json\/wp\/v2\/users\/3"}],"replies":[{"embeddable":true,"href":"https:\/\/org.wwoof.it\/it\/wp-json\/wp\/v2\/comments?post=8708"}],"version-history":[{"count":2,"href":"https:\/\/org.wwoof.it\/it\/wp-json\/wp\/v2\/posts\/8708\/revisions"}],"predecessor-version":[{"id":8765,"href":"https:\/\/org.wwoof.it\/it\/wp-json\/wp\/v2\/posts\/8708\/revisions\/8765"}],"wp:featuredmedia":[{"embeddable":true,"href":"https:\/\/org.wwoof.it\/it\/wp-json\/wp\/v2\/media\/8709"}],"wp:attachment":[{"href":"https:\/\/org.wwoof.it\/it\/wp-json\/wp\/v2\/media?parent=8708"}],"wp:term":[{"taxonomy":"category","embeddable":true,"href":"https:\/\/org.wwoof.it\/it\/wp-json\/wp\/v2\/categories?post=8708"},{"taxonomy":"post_tag","embeddable":true,"href":"https:\/\/org.wwoof.it\/it\/wp-json\/wp\/v2\/tags?post=8708"}],"curies":[{"name":"wp","href":"https:\/\/api.w.org\/{rel}","templated":true}]}}